{"id":852987,"date":"2026-03-08T17:24:53","date_gmt":"2026-03-08T17:24:53","guid":{"rendered":"https:\/\/www.europesays.com\/de\/852987\/"},"modified":"2026-03-08T17:24:53","modified_gmt":"2026-03-08T17:24:53","slug":"linie-2-und-linie-e2-haltestellen-zwischen-buettnerstrasse-und-alte-heide-werden-nicht-bedient","status":"publish","type":"post","link":"https:\/\/www.europesays.com\/de\/852987\/","title":{"rendered":"Linie 2 und Linie E2: Haltestellen zwischen B\u00fcttnerstra\u00dfe und Alte Heide werden nicht bedient."},"content":{"rendered":"<p>Aufgrund von Bauarbeiten kommt es in der Zeit von Samstag, 07.03.2026, ca. 05:00 Uhr bis Montag, 09.03.2026, ca. 03:00 Uhr zwischen <a href=\"https:\/\/www.hannover-entdecken.de\/buettnerstrasse-hannover\/\" data-internallinksmanager029f6b8e52c=\"3279\" title=\"B\u00fcttnerstra\u00dfe\" rel=\"nofollow noopener\" target=\"_blank\">B\u00fcttnerstra\u00dfe<\/a> und <a href=\"https:\/\/www.hannover-entdecken.de\/alte-heide-hannover\/\" data-internallinksmanager029f6b8e52c=\"2812\" title=\"Alte Heide\" rel=\"nofollow noopener\" target=\"_blank\">Alte Heide<\/a> zu einer Sperrung der Strecke.<\/p>\n<p>Zwischen der Haltestelle B\u00fcttnerstra\u00dfe und dem Endpunkt Alte Heide erfolgt Schienenersatzverkehr (E2). Der SEV h\u00e4lt an den entsprechend gekennzeichneten Haltestellen, die sich in der Regel neben der jeweiligen Haltestelle am Stra\u00dfenrand befinden. Bitte beachten Sie auch die Hinweise und Wegeleitung vor Ort.<\/p>\n<p>Die Haltestelle Papenwinkel kann vom SEV nicht angefahren werden. Nutzen Sie bitte alternativ eine Ersatzhaltestelle in der Stra\u00dfe <a href=\"https:\/\/www.hannover-entdecken.de\/holzwiesen-hannover\/\" data-internallinksmanager029f6b8e52c=\"3184\" title=\"Holzwiesen\" rel=\"nofollow noopener\" target=\"_blank\">Holzwiesen<\/a> in H\u00f6he <a href=\"https:\/\/www.hannover-entdecken.de\/laurinweg-hannover\/\" data-internallinksmanager029f6b8e52c=\"2848\" title=\"Laurinweg\" rel=\"nofollow noopener\" target=\"_blank\">Laurinweg<\/a> oder die Haltestelle des SEV am <a href=\"https:\/\/www.hannover-entdecken.de\/vahrenheider-markt-hannover\/\" data-internallinksmanager029f6b8e52c=\"3178\" title=\"Vahrenheider Markt\" rel=\"nofollow noopener\" target=\"_blank\">Vahrenheider Markt<\/a> (Haltestelle der Linie 135).<\/p>\n<p>Die Haltestelle <a href=\"https:\/\/www.hannover-entdecken.de\/zehlendorfweg-hannover\/\" data-internallinksmanager029f6b8e52c=\"2889\" title=\"Zehlendorfweg\" rel=\"nofollow noopener\" target=\"_blank\">Zehlendorfweg<\/a> wird vom SEV ebenfalls nicht angefahren, nutzen Sie bitte ersatzweise die Haltestelle <a href=\"https:\/\/www.hannover-entdecken.de\/tempelhofweg-hannover\/\" data-internallinksmanager029f6b8e52c=\"2879\" title=\"Tempelhofweg\" rel=\"nofollow noopener\" target=\"_blank\">Tempelhofweg<\/a> des SEV.<\/p>\n<p>Bitte beachten Sie, dass es zu einer Verl\u00e4ngerung der Reisezeit kommt und die Mitnahme von Fahrr\u00e4dern in den Bussen des SEV aus Platzgr\u00fcnden nicht gestattet ist.<\/p>\n<p class=\"isc_image_list_title\">Bildquellen:<\/p>\n<ul class=\"isc_image_list\">\n<li>Verkehrsinfos: www.hannover-entdecken.de<\/li>\n<li>\u00d6PNV in Hannover: www.hannover-entdecken.de<\/li>\n<\/ul>\n<p>                        Kategorie: <a href=\"https:\/\/www.hannover-entdecken.de\/category\/stadtbezirke\/stadtbezirk-vahrenwald-list\/\" rel=\"category tag nofollow noopener\" target=\"_blank\">Vahrenwald-List<\/a>, <a href=\"https:\/\/www.hannover-entdecken.de\/category\/aktuelles\/verkehrsinfo\/\" rel=\"category tag nofollow noopener\" target=\"_blank\">Verkehrsinformationen<\/a>                <\/p>\n","protected":false},"excerpt":{"rendered":"Aufgrund von Bauarbeiten kommt es in der Zeit von Samstag, 07.03.2026, ca. 05:00 Uhr bis Montag, 09.03.2026, ca.&hellip;\n","protected":false},"author":2,"featured_media":757036,"comment_status":"","ping_status":"","sticky":false,"template":"","format":"standard","meta":{"footnotes":"","_share_on_mastodon":"0"},"categories":[1836],"tags":[3364,29,30,46,1411,10839,4078],"class_list":["post-852987","post","type-post","status-publish","format-standard","has-post-thumbnail","category-hannover","tag-de","tag-deutschland","tag-germany","tag-hannover","tag-niedersachsen","tag-vahrenheide","tag-vahrenwald"],"share_on_mastodon":{"url":"https:\/\/pubeurope.com\/@de\/116194726666794448","error":""},"_links":{"self":[{"href":"https:\/\/www.europesays.com\/de\/wp-json\/wp\/v2\/posts\/852987","targetHints":{"allow":["GET"]}}],"collection":[{"href":"https:\/\/www.europesays.com\/de\/wp-json\/wp\/v2\/posts"}],"about":[{"href":"https:\/\/www.europesays.com\/de\/wp-json\/wp\/v2\/types\/post"}],"author":[{"embeddable":true,"href":"https:\/\/www.europesays.com\/de\/wp-json\/wp\/v2\/users\/2"}],"replies":[{"embeddable":true,"href":"https:\/\/www.europesays.com\/de\/wp-json\/wp\/v2\/comments?post=852987"}],"version-history":[{"count":0,"href":"https:\/\/www.europesays.com\/de\/wp-json\/wp\/v2\/posts\/852987\/revisions"}],"wp:featuredmedia":[{"embeddable":true,"href":"https:\/\/www.europesays.com\/de\/wp-json\/wp\/v2\/media\/757036"}],"wp:attachment":[{"href":"https:\/\/www.europesays.com\/de\/wp-json\/wp\/v2\/media?parent=852987"}],"wp:term":[{"taxonomy":"category","embeddable":true,"href":"https:\/\/www.europesays.com\/de\/wp-json\/wp\/v2\/categories?post=852987"},{"taxonomy":"post_tag","embeddable":true,"href":"https:\/\/www.europesays.com\/de\/wp-json\/wp\/v2\/tags?post=852987"}],"curies":[{"name":"wp","href":"https:\/\/api.w.org\/{rel}","templated":true}]}}