{"id":853000,"date":"2026-03-08T17:31:16","date_gmt":"2026-03-08T17:31:16","guid":{"rendered":"https:\/\/www.europesays.com\/de\/853000\/"},"modified":"2026-03-08T17:31:16","modified_gmt":"2026-03-08T17:31:16","slug":"lok-report-vag-m-wagen-auf-vhag-ruhrbahn-mitglieder-sonderfahrt-in-essen","status":"publish","type":"post","link":"https:\/\/www.europesays.com\/de\/853000\/","title":{"rendered":"LOK Report &#8211; VAG-M-Wagen auf VhAG-Ruhrbahn-Mitglieder-Sonderfahrt in Essen"},"content":{"rendered":"<p><img loading=\"lazy\" decoding=\"async\" src=\"https:\/\/www.europesays.com\/de\/wp-content\/uploads\/2026\/03\/m-wagen-1171-frintrop-schleife-7.03.26.jpg\" alt=\"m wagen 1171 frintrop schleife 7.03.26\" width=\"300\" height=\"180\"\/><\/p>\n<p>Samstagmittag den 7. M\u00e4rz befand sich der Duewag M8C Nr. 1171 aus dem Baujahr 1983 auf Mitgliedersonderfahrt <a href=\"https:\/\/www.vhag-evag.de\" target=\"_blank\" rel=\"noopener nofollow\">der VhAG Ruhrbahn<\/a>\u00a0anl\u00e4sslich der Jahreshauptversammlung zum Fotoshooting in der Schleife Essen Frintrop.<\/p>\n<p>Der M-Wagen ist einer von den letzten 4 dieser Bauart die noch als Betriebsreserve und f\u00fcr Fahrschulfahrten vorgehalten werden und man hofft einen als zuk\u00fcnftigen Museumswagen erhalten zu k\u00f6nnen.<\/p>\n<p>Diese E-Mail-Adresse ist vor Spambots gesch\u00fctzt! Zur Anzeige muss JavaScript eingeschaltet sein!<\/p>\n","protected":false},"excerpt":{"rendered":"Samstagmittag den 7. M\u00e4rz befand sich der Duewag M8C Nr. 1171 aus dem Baujahr 1983 auf Mitgliedersonderfahrt der&hellip;\n","protected":false},"author":2,"featured_media":853001,"comment_status":"","ping_status":"","sticky":false,"template":"","format":"standard","meta":{"footnotes":"","_share_on_mastodon":"0"},"categories":[1834],"tags":[3364,29,4031,3688,4033,30,2776,2264,1209,4032,2332,601],"class_list":["post-853000","post","type-post","status-publish","format-standard","has-post-thumbnail","category-essen","tag-de","tag-deutschland","tag-eisenbahn","tag-essen","tag-ferroviaire","tag-germany","tag-logistik","tag-museum","tag-nordrhein-westfalen","tag-railways","tag-transport","tag-verkehr"],"share_on_mastodon":{"url":"https:\/\/pubeurope.com\/@de\/116194750591371706","error":""},"_links":{"self":[{"href":"https:\/\/www.europesays.com\/de\/wp-json\/wp\/v2\/posts\/853000","targetHints":{"allow":["GET"]}}],"collection":[{"href":"https:\/\/www.europesays.com\/de\/wp-json\/wp\/v2\/posts"}],"about":[{"href":"https:\/\/www.europesays.com\/de\/wp-json\/wp\/v2\/types\/post"}],"author":[{"embeddable":true,"href":"https:\/\/www.europesays.com\/de\/wp-json\/wp\/v2\/users\/2"}],"replies":[{"embeddable":true,"href":"https:\/\/www.europesays.com\/de\/wp-json\/wp\/v2\/comments?post=853000"}],"version-history":[{"count":0,"href":"https:\/\/www.europesays.com\/de\/wp-json\/wp\/v2\/posts\/853000\/revisions"}],"wp:featuredmedia":[{"embeddable":true,"href":"https:\/\/www.europesays.com\/de\/wp-json\/wp\/v2\/media\/853001"}],"wp:attachment":[{"href":"https:\/\/www.europesays.com\/de\/wp-json\/wp\/v2\/media?parent=853000"}],"wp:term":[{"taxonomy":"category","embeddable":true,"href":"https:\/\/www.europesays.com\/de\/wp-json\/wp\/v2\/categories?post=853000"},{"taxonomy":"post_tag","embeddable":true,"href":"https:\/\/www.europesays.com\/de\/wp-json\/wp\/v2\/tags?post=853000"}],"curies":[{"name":"wp","href":"https:\/\/api.w.org\/{rel}","templated":true}]}}