{"id":853126,"date":"2026-03-08T18:39:10","date_gmt":"2026-03-08T18:39:10","guid":{"rendered":"https:\/\/www.europesays.com\/de\/853126\/"},"modified":"2026-03-08T18:39:10","modified_gmt":"2026-03-08T18:39:10","slug":"mbc-serie-geht-auch-in-bonn-weiter-13-niederlage-in-folge","status":"publish","type":"post","link":"https:\/\/www.europesays.com\/de\/853126\/","title":{"rendered":"MBC-Serie geht auch in Bonn weiter: 13. Niederlage in Folge"},"content":{"rendered":"<p>Reaves sticht heraus, reicht aber nicht zum Sieg<\/p>\n<p class=\"text\">\nNach dem 2:0 durch Khyri Thomas (2. Minute) drehten die Hausherren auf, zogen auf neun Punkte davon (7.). Die Sachsen-Anhalter robbten sich bis zur ersten Pause auf 15:17 heran, drehte dann sogar die Partie auf die eigene Seite. Spencer Reaves versenkte drei Freiw\u00fcrfe, die W\u00f6lfe f\u00fchrten mit 18:17 (11.). Doch dann ging es dahin \u2013 bis kurz vor der Halbzeit schraubte Bonn den Vorsprung St\u00fcck f\u00fcr St\u00fcck nach oben, f\u00fchrte nach einem Distanzwurf von Alijah Comithier mit elf Z\u00e4hlern (31:42\/18. Minute).\n<\/p>\n<p class=\"text\">\nWei\u00dfenfels gelang im dritten Viertel fast wieder der Ausgleich, Reaves traf zweimal von der Linie zum 46:48 (26.), doch n\u00e4her kam der MBC den Rheinl\u00e4ndern nicht mehr. Vom 59:52 (29.) zogen die Hausherren auf 67:52 (31.) und lie\u00dfen sich diesen Vorsprung nicht mehr aus der Hand nehmen.\n<\/p>\n<p class=\"text\">\nBester Werfer der Partie war am Ende Ex-Niners-Chemnitz-Spieler Jeff Garrett Jr. (22), Reaves sammelte 21 Z\u00e4hler. Der Pokalsieger vom letzten Jahr verharrt nach dem n\u00e4chsten R\u00fcckschlag auf Tabellenrang 16, knapp \u00fcber dem Strich.<\/p>\n","protected":false},"excerpt":{"rendered":"Reaves sticht heraus, reicht aber nicht zum Sieg Nach dem 2:0 durch Khyri Thomas (2. Minute) drehten die&hellip;\n","protected":false},"author":2,"featured_media":853127,"comment_status":"","ping_status":"","sticky":false,"template":"","format":"standard","meta":{"footnotes":"","_share_on_mastodon":"0"},"categories":[1842],"tags":[16204,2493,1741,299,3364,29,30,189414,16849,81,189415,1209,163396,3499,265,3498,22640,32357],"class_list":["post-853126","post","type-post","status-publish","format-standard","has-post-thumbnail","category-bonn","tag-telekom-baskets-bonn","tag-basketball","tag-bonn","tag-bundesliga","tag-de","tag-deutschland","tag-germany","tag-jeff-garrett-jr","tag-mbc","tag-mdr","tag-milenko-bogicevic","tag-nordrhein-westfalen","tag-spencer-reaves","tag-spio","tag-sport","tag-sport-im-osten","tag-syntainics-mbc","tag-weissenfels"],"share_on_mastodon":{"url":"https:\/\/pubeurope.com\/@de\/116195017786316397","error":""},"_links":{"self":[{"href":"https:\/\/www.europesays.com\/de\/wp-json\/wp\/v2\/posts\/853126","targetHints":{"allow":["GET"]}}],"collection":[{"href":"https:\/\/www.europesays.com\/de\/wp-json\/wp\/v2\/posts"}],"about":[{"href":"https:\/\/www.europesays.com\/de\/wp-json\/wp\/v2\/types\/post"}],"author":[{"embeddable":true,"href":"https:\/\/www.europesays.com\/de\/wp-json\/wp\/v2\/users\/2"}],"replies":[{"embeddable":true,"href":"https:\/\/www.europesays.com\/de\/wp-json\/wp\/v2\/comments?post=853126"}],"version-history":[{"count":0,"href":"https:\/\/www.europesays.com\/de\/wp-json\/wp\/v2\/posts\/853126\/revisions"}],"wp:featuredmedia":[{"embeddable":true,"href":"https:\/\/www.europesays.com\/de\/wp-json\/wp\/v2\/media\/853127"}],"wp:attachment":[{"href":"https:\/\/www.europesays.com\/de\/wp-json\/wp\/v2\/media?parent=853126"}],"wp:term":[{"taxonomy":"category","embeddable":true,"href":"https:\/\/www.europesays.com\/de\/wp-json\/wp\/v2\/categories?post=853126"},{"taxonomy":"post_tag","embeddable":true,"href":"https:\/\/www.europesays.com\/de\/wp-json\/wp\/v2\/tags?post=853126"}],"curies":[{"name":"wp","href":"https:\/\/api.w.org\/{rel}","templated":true}]}}