{"id":853535,"date":"2026-03-08T22:28:30","date_gmt":"2026-03-08T22:28:30","guid":{"rendered":"https:\/\/www.europesays.com\/de\/853535\/"},"modified":"2026-03-08T22:28:30","modified_gmt":"2026-03-08T22:28:30","slug":"suk-canlar-bielefeld-erleidet-schmerzhaftes-heimfiasko-gegen-spvg-heepen","status":"publish","type":"post","link":"https:\/\/www.europesays.com\/de\/853535\/","title":{"rendered":"SuK Canlar Bielefeld erleidet schmerzhaftes Heimfiasko gegen SpVg. Heepen"},"content":{"rendered":"<p>                                Spielinfos:<br \/>\nDatum &amp; Uhrzeit: 08.03.2026 15.00 Uhr<br \/>Austragungsort: Bielefeld<br \/>Wettbewerb: Bezirksliga Staffel 2<br \/>Spieltag: 19<\/p>\n<p>Spielbericht: SpVg. Heepen gegen SuK Canlar Bielefeld 5:1 (2:1)<\/p>\n<p id=\"absatz2\" class=\"em_text\">Bielefeld. Ein sensationelles Heimspiel legen die Heeper am Sonntag gegen die Besucher aus Bielefeld hin: F\u00fcnf B\u00e4lle kann das Team von Marko Puskaric dem SuK Canlar Bielefeld ins Netz dr\u00fccken. Schiedsrichter Denis-Toprak Kudat (Herford) hat alle H\u00e4nde voll zu tun. Sage und schreibe elf Karten inklusive eines Platzverweises kommen in dieser turbulenten Partie zum Einsatz.<\/p>\n<p id=\"absatz3\" class=\"em_text\">Tolga Dogan schie\u00dft den ersten Treffer und verschafft den Hausherren fr\u00fch die Oberhand (23). Das zweite Tor l\u00e4sst nicht lange auf sich warten: Diesmal setzt Marijo Pavlovic das Leder ins Netz.<\/p>\n<p id=\"absatz4\" class=\"em_text\">Es sieht nicht gut aus f\u00fcr den SuK Canlar Bielefeld. In Minute 45 schafft es Helpin Ebrahim mit einem Strafsto\u00dftor noch, die Ehre der Bielefelder zu retten, gewinnen kann der Verein das Spiel nicht mehr. Christopher Heermann trifft f\u00fcr Heepen in Minute 64 und Vitaliy Kulpa in Minute 87. Es steht 4:1 f\u00fcr die SpVg. Heepen.<\/p>\n<p id=\"absatz5\" class=\"em_text\">Dem Heeper Team bietet sich in der Nachspielzeit eine letzte Gelegenheit, den Gegnern noch einen zu verpassen. Marco Petkau kann in der f\u00fcnften Minute der Nachspielzeit erfolgreich abschlie\u00dfen. Die SpVg. Heepen verl\u00e4sst das Spielfeld als zufriedener Sieger dieses Duells (95).<\/p>\n<p>Die Aufstellungen: SpVg. Heepen &#8211; SuK Canlar Bielefeld<br \/>\nSpVg. Heepen: Vitaliy Kulpa (7), Ulas Duran (27), Arian Keller (23), Kevin Klass (78), Tolga Dogan (38), Francis Reimann (6), Justin Werner (32), Lucas Kampmeier (14), Marijo Pavlovic (17), Yannick Noel Jerrentrup (5), Christopher Heermann (24)<br \/>SuK Canlar Bielefeld: Robert-Constantin Gramada (18), Ilhias Charradi (31), Ilias Anuali (7), Fatih Aldibas (21), Deniz Gel (1), Maxim Bairamov (11), Rojhat \u00d6nen (23), Leon Obinna Ihejirika (27), Helpin Ebrahim (10), Adam Kasdi (20), Okan Hast\u00fcrk (5)<br \/>Schiedsrichter: Denis-Toprak Kudat (Herford)<\/p>\n<p id=\"absatz6\" class=\"em_text\">Assistent: Klaus Beyer<\/p>\n<p id=\"absatz7\" class=\"em_text\">Assistent: Erhan Y\u00fcksel<\/p>\n<p id=\"absatz8\" class=\"em_text\" style=\"font-size: .8em;\">Die Inhalte dieses Berichts wurden automatisch auf der Basis von DFB-Daten zusammengestellt.<\/p>\n","protected":false},"excerpt":{"rendered":"Spielinfos: Datum &amp; Uhrzeit: 08.03.2026 15.00 UhrAustragungsort: BielefeldWettbewerb: Bezirksliga Staffel 2Spieltag: 19 Spielbericht: SpVg. Heepen gegen SuK Canlar&hellip;\n","protected":false},"author":2,"featured_media":853536,"comment_status":"","ping_status":"","sticky":false,"template":"","format":"standard","meta":{"footnotes":"","_share_on_mastodon":"0"},"categories":[1841],"tags":[16320,1605,20747,3364,29,5282,30,44678,16319,16398,101036,48285,734,7774,1613,1209,16326,7773,7765,116882,94455,8404],"class_list":["post-853535","post","type-post","status-publish","format-standard","has-post-thumbnail","category-bielefeld","tag-bezirksliga","tag-bielefeld","tag-christopher-heermann","tag-de","tag-deutschland","tag-fuball","tag-germany","tag-heepen","tag-heimfiasko","tag-herford","tag-kudat","tag-marijo-pavlovic","tag-meta_artikelklasse_nachricht","tag-meta_themen_sport","tag-meta_userneeds_informieremich","tag-nordrhein-westfalen","tag-serie_ligaid_210864","tag-serie_ligaid_all","tag-spielinfo","tag-tolga-dogan","tag-vitaliy-kulpa","tag-westfalen"],"share_on_mastodon":{"url":"https:\/\/pubeurope.com\/@de\/116195918270949134","error":""},"_links":{"self":[{"href":"https:\/\/www.europesays.com\/de\/wp-json\/wp\/v2\/posts\/853535","targetHints":{"allow":["GET"]}}],"collection":[{"href":"https:\/\/www.europesays.com\/de\/wp-json\/wp\/v2\/posts"}],"about":[{"href":"https:\/\/www.europesays.com\/de\/wp-json\/wp\/v2\/types\/post"}],"author":[{"embeddable":true,"href":"https:\/\/www.europesays.com\/de\/wp-json\/wp\/v2\/users\/2"}],"replies":[{"embeddable":true,"href":"https:\/\/www.europesays.com\/de\/wp-json\/wp\/v2\/comments?post=853535"}],"version-history":[{"count":0,"href":"https:\/\/www.europesays.com\/de\/wp-json\/wp\/v2\/posts\/853535\/revisions"}],"wp:featuredmedia":[{"embeddable":true,"href":"https:\/\/www.europesays.com\/de\/wp-json\/wp\/v2\/media\/853536"}],"wp:attachment":[{"href":"https:\/\/www.europesays.com\/de\/wp-json\/wp\/v2\/media?parent=853535"}],"wp:term":[{"taxonomy":"category","embeddable":true,"href":"https:\/\/www.europesays.com\/de\/wp-json\/wp\/v2\/categories?post=853535"},{"taxonomy":"post_tag","embeddable":true,"href":"https:\/\/www.europesays.com\/de\/wp-json\/wp\/v2\/tags?post=853535"}],"curies":[{"name":"wp","href":"https:\/\/api.w.org\/{rel}","templated":true}]}}