{"id":853587,"date":"2026-03-08T22:58:16","date_gmt":"2026-03-08T22:58:16","guid":{"rendered":"https:\/\/www.europesays.com\/de\/853587\/"},"modified":"2026-03-08T22:58:16","modified_gmt":"2026-03-08T22:58:16","slug":"ratinger-ice-aliens-besiegen-eisadler-dortmund-2","status":"publish","type":"post","link":"https:\/\/www.europesays.com\/de\/853587\/","title":{"rendered":"Ratinger Ice Aliens besiegen Eisadler Dortmund"},"content":{"rendered":"<p class=\"richtext text-em-55 !leading-serif mx-6 desktop:mx-0\">Zu Beginn des Schlussdrittels wurden die Ratinger aktiver, und so gelang Sebastian Brockelt nach einer Minute und 59 Sekunden das 1:1. Doch erneut war es der Finne Jaakola, der die Dortmunder gerade einmal 48 Sekunden sp\u00e4ter mit 2:1 in F\u00fchrung schoss. Kurz nach diesem Treffer lief der ehemalige Ratinger Ben Busch alleine auf Schwarte zu und h\u00e4tte die Vorentscheidung erzielen k\u00f6nnen, doch der Keeper der Ice Aliens parierte. So glich Eric Stephan zum 2:2 in der 45. Minute aus. Und Brockelt gelang zwei Minuten und 27 Sekunden vor Schluss der Siegtreffer \u2013 er beendete damit die Saison f\u00fcr die Eisadler Dortmund, die auch Ambitionen auf den Oberliga-Aufstieg angemeldet hatten.<\/p>\n","protected":false},"excerpt":{"rendered":"Zu Beginn des Schlussdrittels wurden die Ratinger aktiver, und so gelang Sebastian Brockelt nach einer Minute und 59&hellip;\n","protected":false},"author":2,"featured_media":853588,"comment_status":"","ping_status":"","sticky":false,"template":"","format":"standard","meta":{"footnotes":"","_share_on_mastodon":"0"},"categories":[1833],"tags":[128612,81112,3364,29,217,3688,128613,30,2229,189482,1209,10078,14522,19422],"class_list":["post-853587","post","type-post","status-publish","format-standard","has-post-thumbnail","category-dortmund","tag-aliens","tag-broeckelt","tag-de","tag-deutschland","tag-dortmund","tag-essen","tag-frank-gentges","tag-germany","tag-ice","tag-jaakola","tag-nordrhein-westfalen","tag-ratingen","tag-ratinger","tag-sekunden"],"share_on_mastodon":{"url":"https:\/\/pubeurope.com\/@de\/116196036259093899","error":""},"_links":{"self":[{"href":"https:\/\/www.europesays.com\/de\/wp-json\/wp\/v2\/posts\/853587","targetHints":{"allow":["GET"]}}],"collection":[{"href":"https:\/\/www.europesays.com\/de\/wp-json\/wp\/v2\/posts"}],"about":[{"href":"https:\/\/www.europesays.com\/de\/wp-json\/wp\/v2\/types\/post"}],"author":[{"embeddable":true,"href":"https:\/\/www.europesays.com\/de\/wp-json\/wp\/v2\/users\/2"}],"replies":[{"embeddable":true,"href":"https:\/\/www.europesays.com\/de\/wp-json\/wp\/v2\/comments?post=853587"}],"version-history":[{"count":0,"href":"https:\/\/www.europesays.com\/de\/wp-json\/wp\/v2\/posts\/853587\/revisions"}],"wp:featuredmedia":[{"embeddable":true,"href":"https:\/\/www.europesays.com\/de\/wp-json\/wp\/v2\/media\/853588"}],"wp:attachment":[{"href":"https:\/\/www.europesays.com\/de\/wp-json\/wp\/v2\/media?parent=853587"}],"wp:term":[{"taxonomy":"category","embeddable":true,"href":"https:\/\/www.europesays.com\/de\/wp-json\/wp\/v2\/categories?post=853587"},{"taxonomy":"post_tag","embeddable":true,"href":"https:\/\/www.europesays.com\/de\/wp-json\/wp\/v2\/tags?post=853587"}],"curies":[{"name":"wp","href":"https:\/\/api.w.org\/{rel}","templated":true}]}}