{"id":853756,"date":"2026-03-09T00:31:13","date_gmt":"2026-03-09T00:31:13","guid":{"rendered":"https:\/\/www.europesays.com\/de\/853756\/"},"modified":"2026-03-09T00:31:13","modified_gmt":"2026-03-09T00:31:13","slug":"institut-der-deutschen-wirtschaft-iw-koeln-raet-bundesregierung-zu-ausgleichszoellen-gegen-china","status":"publish","type":"post","link":"https:\/\/www.europesays.com\/de\/853756\/","title":{"rendered":"Institut der deutschen Wirtschaft: IW K\u00f6ln r\u00e4t Bundesregierung zu Ausgleichsz\u00f6llen gegen China"},"content":{"rendered":"<p class=\"paragraph article__item\">Das Institut der deutschen Wirtschaft in <a class=\"rtr-entity\" href=\"https:\/\/www.zeit.de\/thema\/koeln\" rel=\"nofollow noopener\" target=\"_blank\">K\u00f6ln<\/a> hat der Bundesregierung geraten, sogenannte Ausgleichsz\u00f6lle gegen die chinesische Wirtschaftsmacht einzuf\u00fchren. &#8222;Wir brauchen Z\u00f6lle als Ausgleich f\u00fcr unfairen Wettbewerb, den China mit gro\u00dfer Skrupellosigkeit praktiziert&#8220;, sagte IW-Handelsexperte J\u00fcrgen Matthes dem RedaktionsNetzwerk Deutschland (RND). Dabei betont der Experte die Unterscheidung zwischen Straf- und Ausgleichsz\u00f6llen.\n<\/p>\n<p class=\"paragraph article__item\">&#8222;Z\u00f6lle sind nicht immer zwangsl\u00e4ufig protektionistisch, auch wenn wir in Deutschland erzogen wurden, so zu denken&#8220;, sagte Matthes, der beim Institut der deutschen Wirtschaft das Cluster f\u00fcr internationale Wirtschaftspolitik leitet. <a href=\"https:\/\/www.zeit.de\/wirtschaft\/2026-01\/ifw-kiel-usa-strafzoelle-donald-trump-kosten-us-wirtschaft-gxe\" target=\"_blank\" rel=\"nofollow noopener\">Im Gegensatz zu Strafz\u00f6llen<\/a> w\u00fcrden Ausgleichsz\u00f6lle &#8222;praktisch zielgenau angewendet&#8220;, wenn Subventionen in einem Drittland wie <a class=\"rtr-entity\" href=\"https:\/\/www.zeit.de\/thema\/china\" rel=\"nofollow noopener\" target=\"_blank\">China<\/a> zu Preisunterschieden zwischen inl\u00e4ndischen und ausl\u00e4ndischen Produkten f\u00fchren.\n<\/p>\n<p class=\"paragraph article__item\">Strafz\u00f6lle sind indessen pauschale Zusatzz\u00f6lle, die der Abschreckung und<br \/>\nSanktionierung eines Handelspartners dienen. Mit Beginn seiner zweiten Amtszeit hat US-Pr\u00e4sident <a class=\"rtr-entity\" href=\"https:\/\/www.zeit.de\/thema\/donald-trump\" rel=\"nofollow noopener\" target=\"_blank\">Donald Trump<\/a> gegen zahlreiche Staaten, darunter auch China und die EU, Strafz\u00f6lle verh\u00e4ngt. Ende Februar hatte der <a href=\"https:\/\/www.zeit.de\/politik\/ausland\/2026-02\/oberster-gerichtshof-der-usa-kippt-grossteil-von-donald-trumps-zoellen\" target=\"_blank\" rel=\"nofollow noopener\">Oberste Gerichtshof der USA die meisten der bisher von Trump eingef\u00fchrten Sonderz\u00f6lle<\/a> f\u00fcr unrechtm\u00e4\u00dfig erkl\u00e4rt.\n<\/p>\n<p>        &#8222;Wir brauchen diese Z\u00f6lle schnell&#8220;        <\/p>\n<p class=\"paragraph article__item\">Der chinesische Staat nehme in seiner auf Dominanz ausgerichteten Wirtschaftspolitik keine R\u00fccksicht auf Schuldenbremsen oder \u00c4hnliches, sagte Matthes. Der marktwirtschaftliche Ansatz Deutschlands sei richtig. Um diesen zu erhalten, brauche es aber Ausgleichsz\u00f6lle. &#8222;Und wir brauchen diese Z\u00f6lle schnell&#8220;, forderte der Experte.\n<\/p>\n<p>                            \u00a9\u00a0ZEIT ONLINE<\/p>\n<p>\n                                        Newsletter<br \/>\n                                        ZEIT Geldkurs<\/p>\n<p class=\"newsletter-signup__text\">Tsch\u00fcss, Finanzchaos: In acht Wochen erkl\u00e4ren wir Schritt f\u00fcr Schritt, wie Sie bessere Geldroutinen aufbauen und das mit den ETFs endlich angehen. Anschlie\u00dfend erhalten Sie unseren Geld-Newsletter mit den besten Artikeln rund um Finanzen.<\/p>\n<p class=\"newsletter-signup__datapolicy\" hidden=\"\">\n            Mit Ihrer Registrierung nehmen Sie die <a href=\"https:\/\/datenschutz.zeit.de\/zon#Newsletter\" target=\"_blank\" rel=\"nofollow noopener\">Datenschutzerkl\u00e4rung<\/a> zur Kenntnis.\n        <\/p>\n<p>    Vielen Dank! Wir haben Ihnen eine E-Mail geschickt.<\/p>\n<p>Pr\u00fcfen Sie Ihr Postfach und best\u00e4tigen Sie das Newsletter-Abonnement.<\/p>\n<p class=\"paragraph article__item\">Das Erheben der <a class=\"rtr-entity\" href=\"https:\/\/www.zeit.de\/thema\/zoll\" rel=\"nofollow noopener\" target=\"_blank\">Z\u00f6lle<\/a> ist laut Matthes &#8222;kein gro\u00dfes Problem&#8220;. Es gebe lang etablierte Verfahren. Dazu m\u00fcsse lediglich f\u00fcr verschiedene Sektoren und Produktpaletten ermittelt werden, wie hoch der Anteil des unfairen Wettbewerbs durch Subventionen und W\u00e4hrungsunterbewertung sei. Ausgleichsz\u00f6lle darf es dem Experten zufolge allerdings nur dort geben, wo eine <a href=\"https:\/\/www.zeit.de\/politik\/ausland\/2026-02\/china-export-jobs-abhaengigkeit-gesunken-gxe\" target=\"_blank\" rel=\"nofollow noopener\">&#8222;nennenswerte eigene Produktion&#8220; ohne Subventionen<\/a> zukunftsf\u00e4hig ist \u2013 etwa im Maschinenbau.\n<\/p>\n<p>Mehr zum Thema<\/p>\n<p>            Chinesische Wirtschaftspolitik        <\/p>\n<p>                <a href=\"https:\/\/www.zeit.de\/wirtschaft\/2026-02\/konkurrenz-gabelstapler-china-handel-lars-brzoska\" data-ct-label=\"Konkurrenz bei Gabelstaplern: &quot;So gehen wir kaputt&quot;\" data-uuid=\"83cb0664-b4ec-4177-909e-5e8d32dedb40\" rel=\"nofollow noopener\" target=\"_blank\"><\/p>\n<p>        Z+ (abopflichtiger Inhalt);<\/p>\n<p>    Konkurrenz bei Gabelstaplern:<br \/>\n                        &#8222;So gehen wir kaputt&#8220;<\/p>\n<p>                <\/a><\/p>\n<p>                <a href=\"https:\/\/www.zeit.de\/2026\/10\/chinesische-konkurrenz-industrie-deutschland-unternehmen-technologie\" data-ct-label=\"Chinesische Konkurrenz: \u00dcberholt uns China?\" data-uuid=\"c886ff3c-ba67-4c17-8422-974c3abbbc4e\" rel=\"nofollow noopener\" target=\"_blank\"><\/p>\n<p>        Z+ (abopflichtiger Inhalt);<\/p>\n<p>    Chinesische Konkurrenz:<br \/>\n                        \u00dcberholt uns China?<\/p>\n<p>                <\/a><\/p>\n<p>                <a href=\"https:\/\/www.zeit.de\/mobilitaet\/2025-06\/autoindustrie-china-automarkt-hersteller-preise-konkurrenz\" data-ct-label=\"Autoindustrie in China: So wurde China zur globalen Automacht\" data-uuid=\"13443645-01c2-475a-a4b3-03656595a531\" rel=\"nofollow noopener\" target=\"_blank\"><\/p>\n<p>        Z+ (abopflichtiger Inhalt);<\/p>\n<p>    Autoindustrie in China:<br \/>\n                        So wurde China zur globalen Automacht<\/p>\n<p>                <\/a><\/p>\n","protected":false},"excerpt":{"rendered":"Das Institut der deutschen Wirtschaft in K\u00f6ln hat der Bundesregierung geraten, sogenannte Ausgleichsz\u00f6lle gegen die chinesische Wirtschaftsmacht einzuf\u00fchren.&hellip;\n","protected":false},"author":2,"featured_media":853757,"comment_status":"","ping_status":"","sticky":false,"template":"","format":"standard","meta":{"footnotes":"","_share_on_mastodon":"0"},"categories":[1828],"tags":[189506,1173,227,29,106,30,12645,88174,1420,1209,9238,943,55,615],"class_list":["post-853756","post","type-post","status-publish","format-standard","has-post-thumbnail","category-koeln","tag-ausgleichszoll","tag-bundesregierung","tag-china","tag-deutschland","tag-donald-trump","tag-germany","tag-institut-der-deutschen-wirtschaft","tag-juergen-matthes","tag-koeln","tag-nordrhein-westfalen","tag-redaktionsnetzwerk-deutschland","tag-strafzoll","tag-wirtschaft","tag-zoll"],"share_on_mastodon":{"url":"https:\/\/pubeurope.com\/@de\/116196401947644584","error":""},"_links":{"self":[{"href":"https:\/\/www.europesays.com\/de\/wp-json\/wp\/v2\/posts\/853756","targetHints":{"allow":["GET"]}}],"collection":[{"href":"https:\/\/www.europesays.com\/de\/wp-json\/wp\/v2\/posts"}],"about":[{"href":"https:\/\/www.europesays.com\/de\/wp-json\/wp\/v2\/types\/post"}],"author":[{"embeddable":true,"href":"https:\/\/www.europesays.com\/de\/wp-json\/wp\/v2\/users\/2"}],"replies":[{"embeddable":true,"href":"https:\/\/www.europesays.com\/de\/wp-json\/wp\/v2\/comments?post=853756"}],"version-history":[{"count":0,"href":"https:\/\/www.europesays.com\/de\/wp-json\/wp\/v2\/posts\/853756\/revisions"}],"wp:featuredmedia":[{"embeddable":true,"href":"https:\/\/www.europesays.com\/de\/wp-json\/wp\/v2\/media\/853757"}],"wp:attachment":[{"href":"https:\/\/www.europesays.com\/de\/wp-json\/wp\/v2\/media?parent=853756"}],"wp:term":[{"taxonomy":"category","embeddable":true,"href":"https:\/\/www.europesays.com\/de\/wp-json\/wp\/v2\/categories?post=853756"},{"taxonomy":"post_tag","embeddable":true,"href":"https:\/\/www.europesays.com\/de\/wp-json\/wp\/v2\/tags?post=853756"}],"curies":[{"name":"wp","href":"https:\/\/api.w.org\/{rel}","templated":true}]}}