{"id":854024,"date":"2026-03-09T03:02:16","date_gmt":"2026-03-09T03:02:16","guid":{"rendered":"https:\/\/www.europesays.com\/de\/854024\/"},"modified":"2026-03-09T03:02:16","modified_gmt":"2026-03-09T03:02:16","slug":"vollsperrung-abgesagt-so-sind-jetzt-die-plaene","status":"publish","type":"post","link":"https:\/\/www.europesays.com\/de\/854024\/","title":{"rendered":"Vollsperrung abgesagt \u2013 So sind jetzt die Pl\u00e4ne"},"content":{"rendered":"<p>Trotz abgesagter Vollsperrung <\/p>\n<p>Jetzt wird es richtig eng im Bremer Norden<\/p>\n<p>Aktualisiert am 09.03.2026 &#8211; 01:30 UhrLesedauer: 2 Min.<\/p>\n<p><a href=\"#focus-0\" class=\"transition-colors duration-200 block text-current relative\" data-sctrack=\"FocusGalleryImage.Reference\"><img fetchpriority=\"high\" data-testid=\"Opener.Image\" style=\"--lqipURL:url('https:\/\/images.t-online.de\/2025\/09\/9fLU6Btm4gsk\/187x288:3810x2143\/fit-in\/150x0\/filters:blur(25)\/halt-hier-geht-es-nicht-weiter-umleitung-wegen-bauarbeiten-seeon-bayern-deutschland-stop-here-it-does-not-go-further-detour-due-to-construction-work-seeon-bavaria-germany-copyright-xrolfxpossx.jpg')\"   loading=\"eager\" src=\"https:\/\/www.europesays.com\/de\/wp-content\/uploads\/2026\/03\/halt-hier-geht-es-nicht-weiter-umleitung-wegen-bauarbeiten-seeon-bayern-deutschland-stop-here-it-doe.jpeg\" alt=\"imago images 0491807558\" title=\"imago images 0491807558\" width=\"3810\" height=\"2143\" class=\"bg-[url:var(--lqipURL)] bg-cover bg-center flex h-full w-full max-w-full\" decoding=\"async\"\/><img style=\"--width:32;--height:32\" loading=\"lazy\" src=\"https:\/\/bremen.t-online.de\/s\/paper\/_next\/static\/media\/zoom-in.f7dae02f.svg\" alt=\"Vergr\u00f6\u00dfern des Bildes\" title=\"Vergr\u00f6\u00dfern des Bildes\" class=\"block h-[calc(var(--height)_\/_16_*_1rem)] w-[calc(var(--width)_\/_16_*_1rem)] max-w-none absolute bottom-8 right-8 rounded-4 bg-snow p-8\" decoding=\"async\"\/><\/a><\/p>\n<p>Umleitungsschild (Symbolfoto): Die Arbeiten an mehr als zwei Dutzend Br\u00fccken dauern bis Jahresende. (Quelle: IMAGO\/Rolf Poss\/imago)<\/p>\n<p class=\"font-bold text-18 leading-17 user-text-lg:text-22 user-text-xl:text-24\">Keine Vollsperrung, doch auch mit der Alternative d\u00fcrften Autofahrer im Bremer Norden nicht gl\u00fccklich sein. So sind jetzt die Pl\u00e4ne f\u00fcr die A270.<\/p>\n<p class=\"text-18 leading-17 user-text-lg:text-22 user-text-xl:text-24\">Die Autobahn GmbH startet nach eigenen Aussagen am Montag mit der Sanierung der A270 in Fahrtrichtung A27\/Ihlpohl. Das Projekt ist umfangreich: Neben der Fahrbahn werden auch 25 Br\u00fcckenbauwerke instand gesetzt. Die Arbeiten sollen bis zum Jahresende dauern.<\/p>\n<p class=\"text-18 leading-17 user-text-lg:text-22 user-text-xl:text-24\">Die eigentlich f\u00fcr das Wochenende geplante Vollsperrung des Br\u00fcckenstrangs Blumenthal wurde nun kurzfristig abgesagt. Grund ist eine Baustelle an einer Fernw\u00e4rmeleitung im Bereich der Wohldstra\u00dfe. Dadurch stehe die vorgesehene Umleitungsstrecke derzeit nicht zur Verf\u00fcgung, hie\u00df es. Die Br\u00fcckensanierung soll stattdessen erst im zweiten Halbjahr erfolgen und in die weiteren Arbeiten an der A270 eingebettet werden.<\/p>\n<p class=\"text-18 leading-17 user-text-lg:text-22 user-text-xl:text-24\">Ganz ohne Einschr\u00e4nkungen geht es f\u00fcr Autofahrer jedoch nicht weiter. Bereits ab Montag beginnen vorbereitende Arbeiten auf der Autobahn. In beiden Richtungen werden zun\u00e4chst die \u00dcberholspuren gesperrt. Grund: Die Mittelstreifen-\u00dcberfahrten m\u00fcssen ge\u00f6ffnet werden, damit sp\u00e4ter eine Baustellenf\u00fchrung eingerichtet werden kann.<\/p>\n<p class=\"text-18 leading-17 user-text-lg:text-22 user-text-xl:text-24\">Ab dem 23. M\u00e4rz wird die neue Verkehrsf\u00fchrung vorbereitet. Aktiv wird sie dann ab dem 1. April. Dann werde die Fahrbahn in Richtung Ihlpohl komplett f\u00fcr Bauarbeiten gesperrt. Der gesamte Verkehr soll dann auf die Gegenfahrbahn Richtung Farge umgelegt werden. In jede Richtung stehe dann nur noch eine Spur zur Verf\u00fcgung.<\/p>\n<p class=\"text-18 leading-17 user-text-lg:text-22 user-text-xl:text-24\">Zus\u00e4tzlich werden mehrere Anschlussstellen dichtgemacht. Ab dem 1. April sind in Fahrtrichtung Ihlpohl folgende Auf- und Abfahrten gesperrt: Auffahrt L\u00fcssum, Auffahrt Lobbendorf, Auf- und Ausfahrt Vegesack-Hafen sowie die Auffahrt Ihletal. Letztere bleibt zumindest f\u00fcr Buss der BSAG ge\u00f6ffnet.<\/p>\n","protected":false},"excerpt":{"rendered":"Trotz abgesagter Vollsperrung Jetzt wird es richtig eng im Bremer Norden Aktualisiert am 09.03.2026 &#8211; 01:30 UhrLesedauer: 2&hellip;\n","protected":false},"author":2,"featured_media":854025,"comment_status":"","ping_status":"","sticky":false,"template":"","format":"standard","meta":{"footnotes":"","_share_on_mastodon":"0"},"categories":[1824],"tags":[5543,25836,2420,3364,29,2451,30,22077,2224,226,125055,3043],"class_list":["post-854024","post","type-post","status-publish","format-standard","has-post-thumbnail","category-bremen","tag-autobahn","tag-blumenthal","tag-bremen","tag-de","tag-deutschland","tag-die-autobahn-gmbh-des-bundes","tag-germany","tag-lilienthal","tag-sperrung","tag-t-online","tag-umleitungsschild","tag-vollsperrung"],"share_on_mastodon":{"url":"https:\/\/pubeurope.com\/@de\/116196995593104512","error":""},"_links":{"self":[{"href":"https:\/\/www.europesays.com\/de\/wp-json\/wp\/v2\/posts\/854024","targetHints":{"allow":["GET"]}}],"collection":[{"href":"https:\/\/www.europesays.com\/de\/wp-json\/wp\/v2\/posts"}],"about":[{"href":"https:\/\/www.europesays.com\/de\/wp-json\/wp\/v2\/types\/post"}],"author":[{"embeddable":true,"href":"https:\/\/www.europesays.com\/de\/wp-json\/wp\/v2\/users\/2"}],"replies":[{"embeddable":true,"href":"https:\/\/www.europesays.com\/de\/wp-json\/wp\/v2\/comments?post=854024"}],"version-history":[{"count":0,"href":"https:\/\/www.europesays.com\/de\/wp-json\/wp\/v2\/posts\/854024\/revisions"}],"wp:featuredmedia":[{"embeddable":true,"href":"https:\/\/www.europesays.com\/de\/wp-json\/wp\/v2\/media\/854025"}],"wp:attachment":[{"href":"https:\/\/www.europesays.com\/de\/wp-json\/wp\/v2\/media?parent=854024"}],"wp:term":[{"taxonomy":"category","embeddable":true,"href":"https:\/\/www.europesays.com\/de\/wp-json\/wp\/v2\/categories?post=854024"},{"taxonomy":"post_tag","embeddable":true,"href":"https:\/\/www.europesays.com\/de\/wp-json\/wp\/v2\/tags?post=854024"}],"curies":[{"name":"wp","href":"https:\/\/api.w.org\/{rel}","templated":true}]}}