{"id":854206,"date":"2026-03-09T04:51:14","date_gmt":"2026-03-09T04:51:14","guid":{"rendered":"https:\/\/www.europesays.com\/de\/854206\/"},"modified":"2026-03-09T04:51:14","modified_gmt":"2026-03-09T04:51:14","slug":"union-berlin-im-abstiegskampf-sind-mittendrin","status":"publish","type":"post","link":"https:\/\/www.europesays.com\/de\/854206\/","title":{"rendered":"Union Berlin im Abstiegskampf: &#8222;Sind mittendrin&#8220;"},"content":{"rendered":"<p> <img decoding=\"async\" src=\"https:\/\/www.europesays.com\/de\/wp-content\/uploads\/2026\/03\/4b73e41319898aa2a0ad43d4de606cafb192cd15.jpg\" alt=\"\"\/><br \/>\nDie unmissverst\u00e4ndliche Ermahnung an die Spieler von Union Berlin kam von den treuesten Fans. &#8222;Aufwachen! Aufwachen!&#8220;, skandierten die Anh\u00e4nger auf der Waldseite nach dem bitteren 1:4 (1:2) gegen Werder Bremen in Richtung Mannschaft. Nach einer in der Entstehung ungl\u00fccklichen, aber folgenschweren Niederlage bereitete eine unbequeme Erkenntnis Sorgen: Die K\u00f6penicker stecken wieder tief im Abstiegskampf.<\/p>\n<p><img decoding=\"async\" src=\"https:\/\/www.europesays.com\/de\/wp-content\/uploads\/2026\/03\/70dfed2f4ccdb4ed1d5bcd66e12d45bf233227c6.jpg\" alt=\"Union Berlin rutscht in den Abstiegskampf (Foto: IMAGO \/ Nordphoto\/IMAGO \/ Nordphoto\/SID\/Engler)\"\/><\/p>\n<p>Union Berlin rutscht in den Abstiegskampf<\/p>\n<p>Foto: IMAGO \/ Nordphoto\/IMAGO \/ Nordphoto\/SID\/Engler<\/p>\n<p>&#8222;Ich kann das komplett nachvollziehen&#8220;, sagte Trainer Steffen Baumgart \u00fcber die Reaktion der Fans, betonte dabei jedoch, dass es keinen Riss zwischen Team und Anhang gebe. Frustriert war der Coach schlie\u00dflich auch selbst: &#8222;Wir sehen die Gefahr, wir sehen die Situation und auch die komplette R\u00fcckrunde. Das ist nicht das, was wir uns vorstellen.&#8220;<\/p>\n<p>Nur noch vier Punkte sind die Berliner nach einer bislang \u00fcberaus entt\u00e4uschenden R\u00fcckrunde vom Relegationsplatz entfernt. &#8222;Wir haben im Moment eine sehr schwierige Phase. Das ist jedem bewusst. Wir haben uns diese Phase selbst zuzuschreiben&#8220;, sagte Baumgart. Es seien aber noch neun Spiele mit einer Mannschaft, &#8222;die Charakter hat, die wei\u00df, was in solchen Situationen wichtig ist.&#8220;<\/p>\n<p>Zumindest im kommenden Ausw\u00e4rtsspiel beim SC Freiburg am Sonntag (17.30 Uhr\/DAZN) wird Andr\u00e1s Sch\u00e4fer nach seiner Roten Karte (19.) gegen Werder fehlen. F\u00fcr die durchaus harte Entscheidung von Schiedsrichter Timo Gerach, die Union auf die Verliererstra\u00dfe brachte, hatte Baumgart wenig Verst\u00e4ndnis. &#8222;Das ist maximal eine Gelbe Karte&#8220;, sagte Baumgart.<\/p>\n<p>Ein Erfolgserlebnis in Freiburg w\u00e4re dringend n\u00f6tig. Gegen Werder war dieses trotz des F\u00fchrungstreffers durch den Ex-Bremer Derrick K\u00f6hn (18., Foulelfmeter) ausgeblieben. &#8222;Wir h\u00e4tten heute einen Satz nach vorne machen k\u00f6nnen. Das ist uns nicht gelungen, jetzt sind wir mittendrin&#8220;, sagte Horst Heldt, bei Union Gesch\u00e4ftsf\u00fchrer Profifu\u00dfball: &#8222;Das wollten wir nicht. Das ist unfassbar \u00e4rgerlich.&#8220;<\/p>\n<p class=\"text-secondary\">\u00a9 2026 SID<\/p>\n","protected":false},"excerpt":{"rendered":"Die unmissverst\u00e4ndliche Ermahnung an die Spieler von Union Berlin kam von den treuesten Fans. &#8222;Aufwachen! Aufwachen!&#8220;, skandierten die&hellip;\n","protected":false},"author":2,"featured_media":854207,"comment_status":"","ping_status":"","sticky":false,"template":"","format":"standard","meta":{"footnotes":"","_share_on_mastodon":"0"},"categories":[1825],"tags":[300,296,29,30,6224,21270,7258],"class_list":["post-854206","post","type-post","status-publish","format-standard","has-post-thumbnail","category-berlin","tag-abstiegskampf","tag-berlin","tag-deutschland","tag-germany","tag-rueckrunde","tag-steffen-baumgart","tag-union-berlin"],"share_on_mastodon":{"url":"https:\/\/pubeurope.com\/@de\/116197424376067263","error":""},"_links":{"self":[{"href":"https:\/\/www.europesays.com\/de\/wp-json\/wp\/v2\/posts\/854206","targetHints":{"allow":["GET"]}}],"collection":[{"href":"https:\/\/www.europesays.com\/de\/wp-json\/wp\/v2\/posts"}],"about":[{"href":"https:\/\/www.europesays.com\/de\/wp-json\/wp\/v2\/types\/post"}],"author":[{"embeddable":true,"href":"https:\/\/www.europesays.com\/de\/wp-json\/wp\/v2\/users\/2"}],"replies":[{"embeddable":true,"href":"https:\/\/www.europesays.com\/de\/wp-json\/wp\/v2\/comments?post=854206"}],"version-history":[{"count":0,"href":"https:\/\/www.europesays.com\/de\/wp-json\/wp\/v2\/posts\/854206\/revisions"}],"wp:featuredmedia":[{"embeddable":true,"href":"https:\/\/www.europesays.com\/de\/wp-json\/wp\/v2\/media\/854207"}],"wp:attachment":[{"href":"https:\/\/www.europesays.com\/de\/wp-json\/wp\/v2\/media?parent=854206"}],"wp:term":[{"taxonomy":"category","embeddable":true,"href":"https:\/\/www.europesays.com\/de\/wp-json\/wp\/v2\/categories?post=854206"},{"taxonomy":"post_tag","embeddable":true,"href":"https:\/\/www.europesays.com\/de\/wp-json\/wp\/v2\/tags?post=854206"}],"curies":[{"name":"wp","href":"https:\/\/api.w.org\/{rel}","templated":true}]}}