{"id":854321,"date":"2026-03-09T06:00:16","date_gmt":"2026-03-09T06:00:16","guid":{"rendered":"https:\/\/www.europesays.com\/de\/854321\/"},"modified":"2026-03-09T06:00:16","modified_gmt":"2026-03-09T06:00:16","slug":"darum-gab-es-bei-der-gruenen-wahlparty-brezel-tattoos","status":"publish","type":"post","link":"https:\/\/www.europesays.com\/de\/854321\/","title":{"rendered":"Darum gab es bei der Gr\u00fcnen-Wahlparty Brezel-Tattoos"},"content":{"rendered":"<p>Baden-W\u00fcrttemberg hat gew\u00e4hlt <\/p>\n<p>Darum gab es bei der Gr\u00fcnen-Wahlparty Brezel-Tattoos<\/p>\n<p>Aktualisiert am 09.03.2026 &#8211; 05:59 UhrLesedauer: 1 Min.<\/p>\n<p><a href=\"#focus-0\" class=\"transition-colors duration-200 block text-current relative\" data-sctrack=\"FocusGalleryImage.Reference\"><img fetchpriority=\"high\" data-testid=\"Opener.Image\" style=\"--lqipURL:url('https:\/\/images.t-online.de\/2026\/03\/okM7NOG1cJkg\/0x157:2048x1152\/fit-in\/150x0\/filters:blur(25)\/bei-der-wahlparty-der-gruenen-bei-der-landtagswahl-in-baden-wuerttemberg-konnten-sich-interessierte-ein-brezel-tattoo-stechen-lassen.jpg')\"   loading=\"eager\" src=\"https:\/\/www.europesays.com\/de\/wp-content\/uploads\/2026\/03\/bei-der-wahlparty-der-gruenen-bei-der-landtagswahl-in-baden-wuerttemberg-konnten-sich-interessierte-.jpeg\" alt=\"Landtagswahl in Baden-W\u00fcrttemberg - B\u00fcndnis 90 \/ Die Gr\u00fcnen\" title=\"Landtagswahl in Baden-W\u00fcrttemberg - B\u00fcndnis 90 \/ Die Gr\u00fcnen\" width=\"2048\" height=\"1152\" class=\"bg-[url:var(--lqipURL)] bg-cover bg-center flex h-full w-full max-w-full\" decoding=\"async\"\/><img style=\"--width:32;--height:32\" loading=\"lazy\" src=\"https:\/\/www.t-online.de\/s\/paper\/_next\/static\/media\/zoom-in.f7dae02f.svg\" alt=\"Vergr\u00f6\u00dfern des Bildes\" title=\"Vergr\u00f6\u00dfern des Bildes\" class=\"block h-[calc(var(--height)_\/_16_*_1rem)] w-[calc(var(--width)_\/_16_*_1rem)] max-w-none absolute bottom-8 right-8 rounded-4 bg-snow p-8\" decoding=\"async\"\/><\/a><\/p>\n<p>Bei der Wahlparty der Gr\u00fcnen bei der Landtagswahl in Baden-W\u00fcrttemberg konnten sich Interessierte ein Brezel-Tattoo stechen lassen. (Quelle: Bernd Wei\u00dfbrod\/dpa\/dpa-bilder)<\/p>\n<p class=\"font-bold text-18 leading-17 user-text-lg:text-22 user-text-xl:text-24\">Die Gr\u00fcnen haben die Landtagswahl gewonnen &#8211; damit endet ein intensiver Wahlkampf auch f\u00fcr zahlreiche Unterst\u00fctzer der Partei. F\u00fcr manchen gab es am Wahlabend eine bleibende Erinnerung daran.<\/p>\n<p class=\"text-18 leading-17 user-text-lg:text-22 user-text-xl:text-24\">Die kleinen Brezel-Tattoos auf den Oberarmen sind zierlich: Bei der Gr\u00fcnen-Wahlparty in Stuttgart hat ein T\u00e4towierer unter anderem Wahlkampf-Helfer der Gr\u00fcnen nach dem Sieg der Partei bei der Landtagswahl in Baden-W\u00fcrttemberg t\u00e4towiert. &#8222;Wir haben im Team gesagt, dass wir uns ein Brezel-Tattoo stechen lassen, wenn der Wahlkampf erfolgreich ist&#8220;, sagte Wahlkampf-Helferin Svenja. &#8222;Und wir haben gesagt, er war sehr erfolgreich.&#8220;<\/p>\n<p class=\"text-18 leading-17 user-text-lg:text-22 user-text-xl:text-24\">Ihre Kollegin Frieda Fiedler erz\u00e4hlte, bei jedem Termin h\u00e4tten Spitzenkandidat Cem \u00d6zdemir und das Team Butterbrezeln angeboten bekommen. Die Brezel sei damit letztlich zum Wahlkampf-Symbol geworden. Zu ihrem Tattoo sagte sie: &#8222;Das wird mich immer an unseren Wahlsieg heute Abend erinnern &#8211; und an Brezeln.&#8220;<\/p>\n<p class=\"text-18 leading-17 user-text-lg:text-22 user-text-xl:text-24\">Die Gr\u00fcnen haben die Landtagswahl in Baden-W\u00fcrttemberg am Sonntag gewonnen. Mit 30,2 Prozent der Zweitstimmen landeten sie laut vorl\u00e4ufigem Endergebnis knapp vor der CDU mit 29,7 Prozent, wie die Landeswahlleiterin in der Nacht mitteilte. \u00dcber Monate hatte die CDU in Umfragen deutlich vor den Gr\u00fcnen gelegen, der Abstand war erst kurz vor der Wahl stark geschmolzen.<\/p>\n","protected":false},"excerpt":{"rendered":"Baden-W\u00fcrttemberg hat gew\u00e4hlt Darum gab es bei der Gr\u00fcnen-Wahlparty Brezel-Tattoos Aktualisiert am 09.03.2026 &#8211; 05:59 UhrLesedauer: 1 Min.&hellip;\n","protected":false},"author":2,"featured_media":854322,"comment_status":"","ping_status":"","sticky":false,"template":"","format":"standard","meta":{"footnotes":"","_share_on_mastodon":"0"},"categories":[1830],"tags":[1634,21,3364,29,30,19399,45915,1441,110283,6799,102946],"class_list":["post-854321","post","type-post","status-publish","format-standard","has-post-thumbnail","category-stuttgart","tag-baden-wuerttemberg","tag-buendnis-90-die-gruenen","tag-de","tag-deutschland","tag-germany","tag-landtagswahl","tag-landtagswahl-baden-wuerttemberg","tag-stuttgart","tag-wahlabend","tag-wahlkampf","tag-wahlparty"],"share_on_mastodon":{"url":"https:\/\/pubeurope.com\/@de\/116197696107560013","error":""},"_links":{"self":[{"href":"https:\/\/www.europesays.com\/de\/wp-json\/wp\/v2\/posts\/854321","targetHints":{"allow":["GET"]}}],"collection":[{"href":"https:\/\/www.europesays.com\/de\/wp-json\/wp\/v2\/posts"}],"about":[{"href":"https:\/\/www.europesays.com\/de\/wp-json\/wp\/v2\/types\/post"}],"author":[{"embeddable":true,"href":"https:\/\/www.europesays.com\/de\/wp-json\/wp\/v2\/users\/2"}],"replies":[{"embeddable":true,"href":"https:\/\/www.europesays.com\/de\/wp-json\/wp\/v2\/comments?post=854321"}],"version-history":[{"count":0,"href":"https:\/\/www.europesays.com\/de\/wp-json\/wp\/v2\/posts\/854321\/revisions"}],"wp:featuredmedia":[{"embeddable":true,"href":"https:\/\/www.europesays.com\/de\/wp-json\/wp\/v2\/media\/854322"}],"wp:attachment":[{"href":"https:\/\/www.europesays.com\/de\/wp-json\/wp\/v2\/media?parent=854321"}],"wp:term":[{"taxonomy":"category","embeddable":true,"href":"https:\/\/www.europesays.com\/de\/wp-json\/wp\/v2\/categories?post=854321"},{"taxonomy":"post_tag","embeddable":true,"href":"https:\/\/www.europesays.com\/de\/wp-json\/wp\/v2\/tags?post=854321"}],"curies":[{"name":"wp","href":"https:\/\/api.w.org\/{rel}","templated":true}]}}