{"id":854459,"date":"2026-03-09T07:20:19","date_gmt":"2026-03-09T07:20:19","guid":{"rendered":"https:\/\/www.europesays.com\/de\/854459\/"},"modified":"2026-03-09T07:20:19","modified_gmt":"2026-03-09T07:20:19","slug":"hier-wird-ab-montag-geblitzt-2","status":"publish","type":"post","link":"https:\/\/www.europesays.com\/de\/854459\/","title":{"rendered":"Hier wird ab Montag geblitzt"},"content":{"rendered":"<p>Tempokontrollen in der Landeshauptstadt <\/p>\n<p>Hier wird ab Montag in D\u00fcsseldorf geblitzt<\/p>\n<p>09.03.2026 &#8211; 07:02 UhrLesedauer: 1 Min.<\/p>\n<p><a href=\"#focus-0\" class=\"transition-colors duration-200 block text-current relative\" data-sctrack=\"FocusGalleryImage.Reference\"><img fetchpriority=\"high\" data-testid=\"Opener.Image\" style=\"--lqipURL:url('https:\/\/images.t-online.de\/2026\/03\/2812meqvYwIU\/0x209:4000x2250\/fit-in\/150x0\/filters:blur(25)\/image.jpg')\"   loading=\"eager\" src=\"https:\/\/www.europesays.com\/de\/wp-content\/uploads\/2026\/03\/1773040819_398_image.jpg\" alt=\"imago images 0838015860\" title=\"imago images 0838015860\" width=\"4000\" height=\"2250\" class=\"bg-[url:var(--lqipURL)] bg-cover bg-center flex h-full w-full max-w-full\" decoding=\"async\"\/><img style=\"--width:32;--height:32\" loading=\"lazy\" src=\"https:\/\/duesseldorf.t-online.de\/s\/paper\/_next\/static\/media\/zoom-in.f7dae02f.svg\" alt=\"Vergr\u00f6\u00dfern des Bildes\" title=\"Vergr\u00f6\u00dfern des Bildes\" class=\"block h-[calc(var(--height)_\/_16_*_1rem)] w-[calc(var(--width)_\/_16_*_1rem)] max-w-none absolute bottom-8 right-8 rounded-4 bg-snow p-8\" decoding=\"async\"\/><\/a><\/p>\n<p>Ein mobiler Blitzer (Symbolbild): Die Stadt D\u00fcsseldorf k\u00fcndigt regelm\u00e4\u00dfig an, wo Verkehrskontrollen stattfinden. (Quelle: IMAGO\/Gottfried Czepluch)<\/p>\n<p class=\"font-bold text-18 leading-17 user-text-lg:text-22 user-text-xl:text-24\">Das Ordnungsamt k\u00fcndigt f\u00fcr die kommende Woche zahlreiche Tempokontrollen in D\u00fcsseldorf an. Die \u00dcbersicht.<\/p>\n<p class=\"text-18 leading-17 user-text-lg:text-22 user-text-xl:text-24\">Auch in der kommenden Woche (ab 9. M\u00e4rz) wird wieder aktiv in D\u00fcsseldorf geblitzt. Autofahrer sollten darauf achten, die vorgeschriebenen Tempolimits einzuhalten, um b\u00f6se \u00dcberraschungen zu vermeiden.<\/p>\n<p class=\"text-18 leading-17 user-text-lg:text-22 user-text-xl:text-24\">Das Ordnungsamt k\u00fcndigt an, an verschiedenen Stellen im Stadtgebiet Kontrollen durchzuf\u00fchren. W\u00e4hrend einige Messstellen \u00f6ffentlich gemacht werden, kann es auch zu unangek\u00fcndigten Tempokontrollen kommen.<\/p>\n<p class=\"text-18 leading-17 user-text-lg:text-22 user-text-xl:text-24\">Hier gibt es in dieser Woche Geschwindigkeitskontrollen:<\/p>\n","protected":false},"excerpt":{"rendered":"Tempokontrollen in der Landeshauptstadt Hier wird ab Montag in D\u00fcsseldorf geblitzt 09.03.2026 &#8211; 07:02 UhrLesedauer: 1 Min. Ein&hellip;\n","protected":false},"author":2,"featured_media":854460,"comment_status":"","ping_status":"","sticky":false,"template":"","format":"standard","meta":{"footnotes":"","_share_on_mastodon":"0"},"categories":[1831],"tags":[6027,7071,36329,3364,29,3405,30,3565,3467,189664,36328,1209,176,8179,8183],"class_list":["post-854459","post","type-post","status-publish","format-standard","has-post-thumbnail","category-duesseldorf","tag-ordnungsamt","tag-blitzeranlage","tag-blitzerfalle","tag-de","tag-deutschland","tag-duesseldorf","tag-germany","tag-geschwindigkeitskontrolle","tag-landeshauptstadt","tag-moorenstrasse","tag-niederrheinstrasse","tag-nordrhein-westfalen","tag-nrw","tag-tempokontrolle","tag-verkehrskontrolle"],"share_on_mastodon":{"url":"https:\/\/pubeurope.com\/@de\/116198010427905986","error":""},"_links":{"self":[{"href":"https:\/\/www.europesays.com\/de\/wp-json\/wp\/v2\/posts\/854459","targetHints":{"allow":["GET"]}}],"collection":[{"href":"https:\/\/www.europesays.com\/de\/wp-json\/wp\/v2\/posts"}],"about":[{"href":"https:\/\/www.europesays.com\/de\/wp-json\/wp\/v2\/types\/post"}],"author":[{"embeddable":true,"href":"https:\/\/www.europesays.com\/de\/wp-json\/wp\/v2\/users\/2"}],"replies":[{"embeddable":true,"href":"https:\/\/www.europesays.com\/de\/wp-json\/wp\/v2\/comments?post=854459"}],"version-history":[{"count":0,"href":"https:\/\/www.europesays.com\/de\/wp-json\/wp\/v2\/posts\/854459\/revisions"}],"wp:featuredmedia":[{"embeddable":true,"href":"https:\/\/www.europesays.com\/de\/wp-json\/wp\/v2\/media\/854460"}],"wp:attachment":[{"href":"https:\/\/www.europesays.com\/de\/wp-json\/wp\/v2\/media?parent=854459"}],"wp:term":[{"taxonomy":"category","embeddable":true,"href":"https:\/\/www.europesays.com\/de\/wp-json\/wp\/v2\/categories?post=854459"},{"taxonomy":"post_tag","embeddable":true,"href":"https:\/\/www.europesays.com\/de\/wp-json\/wp\/v2\/tags?post=854459"}],"curies":[{"name":"wp","href":"https:\/\/api.w.org\/{rel}","templated":true}]}}