{"id":85450,"date":"2025-05-05T04:32:40","date_gmt":"2025-05-05T04:32:40","guid":{"rendered":"https:\/\/www.europesays.com\/de\/85450\/"},"modified":"2025-05-05T04:32:40","modified_gmt":"2025-05-05T04:32:40","slug":"saarland-frankreich-unterstuetzt-bau-von-giga-solarfabrik-in-hambach-mit-knapp-50-millionen-euro","status":"publish","type":"post","link":"https:\/\/www.europesays.com\/de\/85450\/","title":{"rendered":"Saarland: Frankreich unterst\u00fctzt Bau von Giga-Solarfabrik in Hambach mit knapp 50 Millionen Euro"},"content":{"rendered":"<p class=\"metatextline\">Stand: 02.05.2025 08:41 Uhr<\/p>\n<p class=\"textabsatz columns twelve  m-ten  m-offset-one l-eight l-offset-two\">\n        <strong>In Hambach bei Saargem\u00fcnd soll eine der gr\u00f6\u00dften Solarzellen-Fabriken in Europa gebaut werden. Die Baugenehmigung liegt bereits vor, die Produktion k\u00f6nnte 2026 starten. Wie nun bekannt wurde, f\u00f6rdert das Land das Projekt mit knapp 50 Millionen Euro.<\/strong>\n    <\/p>\n<p class=\"textabsatz m-ten m-offset-one l-eight l-offset-two columns twelve\">Lisa Huth<\/p>\n<p class=\"textabsatz m-ten m-offset-one l-eight l-offset-two columns twelve\">\nDer franz\u00f6sische Staat setzt offenbar auf die <a href=\"http:\/\/www.sr.de\/sr\/home\/nachrichten\/politik_wirtschaft\/holosolis_photovoltaik_hambach_bauantrag_gestellt_100.html\" title=\"Giga-Solarfabrik in Hambach bei Saargem\u00fcnd\" class=\"textlink--extern\" target=\"_blank\" rel=\"noopener\">Giga-Solarfabrik in Hambach bei Saargem\u00fcnd<\/a>. Das schreibt die Zeitung R\u00e9publicain Lorrain.<\/p>\n<p class=\"textabsatz m-ten m-offset-one l-eight l-offset-two columns twelve\">\nDas Unternehmen Holosolis wird demnach vom Staat mit 49 Millionen Euro unterst\u00fctzt. Die geplante Solarfarbrik geh\u00f6rt zu den neun Gewinnern des Projekts \u201eErste Fabriken\u201c im Rahmen des Investitionsplans \u201eFrankreich 2030\u201c.<\/p>\n<p>    2000 neue Jobs geplant<\/p>\n<p class=\"textabsatz m-ten m-offset-one l-eight l-offset-two columns twelve\">\nIn Hambach soll die gr\u00f6\u00dfte Solarzellen-Produktion Europas mit 2000 Arbeitspl\u00e4tzen entstehen. Im Januar hatte Paris die Baugenehmigung erteilt. Die Produktion soll m\u00f6glicherweise schon 2026 beginnen. Derzeit werden die ersten Stellen besetzt.<\/p>\n<p class=\"textabsatz m-ten m-offset-one l-eight l-offset-two columns twelve\">\nHolosolis ist ein Konsortium aus mehreren Unternehmen, darunter etwa der Verarbeiter von Edelmetallen Heraeus aus Hanau und der Photovoltaik-Konzern Armor aus Nantes.<\/p>\n<p class=\"textabsatz m-ten m-offset-one l-eight l-offset-two columns twelve\">\u00dcber dieses Thema haben auch die SR info-Nachrichten im Radio am 02.05.2025 berichtet.<\/p>\n<p>    Mehr zu der geplanten Solarfabrik in Hambach<\/p>\n<p>                                        <a class=\"backlink__link\" href=\"https:\/\/www.sr.de\/sr\/home\/nachrichten\/vis_a_vis\/frankreich_setzt_auf_giga_solarfabrik_in_hambach_100.html\" target=\"_blank\" rel=\"noopener\"><\/p>\n<p>                                                <img loading=\"lazy\" decoding=\"async\" alt=\"Saarl\u00e4ndischer Rundfunk\" src=\"https:\/\/www.europesays.com\/de\/wp-content\/uploads\/2025\/05\/1746419560_99_lra-sr-logo-100.svg.svg+xml\" height=\"40\" width=\"40\"\/><\/p>\n<p>                                        <\/a><\/p>\n","protected":false},"excerpt":{"rendered":"Stand: 02.05.2025 08:41 Uhr In Hambach bei Saargem\u00fcnd soll eine der gr\u00f6\u00dften Solarzellen-Fabriken in Europa gebaut werden. Die&hellip;\n","protected":false},"author":2,"featured_media":85451,"comment_status":"","ping_status":"","sticky":false,"template":"","format":"standard","meta":{"footnotes":""},"categories":[3974],"tags":[331,332,548,663,3934,3980,156,13,14,15,406,12,34584],"class_list":{"0":"post-85450","1":"post","2":"type-post","3":"status-publish","4":"format-standard","5":"has-post-thumbnail","7":"category-frankreich","8":"tag-aktuelle-nachrichten","9":"tag-aktuelle-news","10":"tag-eu","11":"tag-europa","12":"tag-europe","13":"tag-france","14":"tag-frankreich","15":"tag-headlines","16":"tag-nachrichten","17":"tag-news","18":"tag-saarland","19":"tag-schlagzeilen","20":"tag-sr"},"share_on_mastodon":{"url":"https:\/\/pubeurope.com\/@de\/114453357775420043","error":""},"_links":{"self":[{"href":"https:\/\/www.europesays.com\/de\/wp-json\/wp\/v2\/posts\/85450","targetHints":{"allow":["GET"]}}],"collection":[{"href":"https:\/\/www.europesays.com\/de\/wp-json\/wp\/v2\/posts"}],"about":[{"href":"https:\/\/www.europesays.com\/de\/wp-json\/wp\/v2\/types\/post"}],"author":[{"embeddable":true,"href":"https:\/\/www.europesays.com\/de\/wp-json\/wp\/v2\/users\/2"}],"replies":[{"embeddable":true,"href":"https:\/\/www.europesays.com\/de\/wp-json\/wp\/v2\/comments?post=85450"}],"version-history":[{"count":0,"href":"https:\/\/www.europesays.com\/de\/wp-json\/wp\/v2\/posts\/85450\/revisions"}],"wp:featuredmedia":[{"embeddable":true,"href":"https:\/\/www.europesays.com\/de\/wp-json\/wp\/v2\/media\/85451"}],"wp:attachment":[{"href":"https:\/\/www.europesays.com\/de\/wp-json\/wp\/v2\/media?parent=85450"}],"wp:term":[{"taxonomy":"category","embeddable":true,"href":"https:\/\/www.europesays.com\/de\/wp-json\/wp\/v2\/categories?post=85450"},{"taxonomy":"post_tag","embeddable":true,"href":"https:\/\/www.europesays.com\/de\/wp-json\/wp\/v2\/tags?post=85450"}],"curies":[{"name":"wp","href":"https:\/\/api.w.org\/{rel}","templated":true}]}}