{"id":854686,"date":"2026-03-09T09:23:14","date_gmt":"2026-03-09T09:23:14","guid":{"rendered":"https:\/\/www.europesays.com\/de\/854686\/"},"modified":"2026-03-09T09:23:14","modified_gmt":"2026-03-09T09:23:14","slug":"karlsruher-stadtteile-waehlen-ueberwiegend-gruen","status":"publish","type":"post","link":"https:\/\/www.europesays.com\/de\/854686\/","title":{"rendered":"Karlsruher Stadtteile w\u00e4hlen \u00fcberwiegend Gr\u00fcn"},"content":{"rendered":"<p class=\"mb-6 text-xs md:text-m lg:text-l font-serif group-[.font-sans]:font-sans \">\n    Gegen 21.20 Uhr war es soweit: Die Stimmzettel aller 269 Gebiete in <a href=\"https:\/\/www.ka-news.de\/karlsruhe\" target=\"_self\" class=\"underline \" rel=\"nofollow noopener\">Karlsruhe<\/a> waren ausgez\u00e4hlt.<a href=\"https:\/\/www.ka-news.de\/karlsruhe\/stadtgespraech\/karlsruhe-waehlt-alle-wichtigen-informationen-zur-landtagswahl-2026-im-live-ticker-9-3-26-113586078\" target=\"_self\" class=\"underline \" rel=\"nofollow noopener\"> Schon fr\u00fch zeichnete sich ab: Karlsruhe bleibt eine gr\u00fcne Hochburg<\/a> &#8211; mit <strong class=\"font-bold\"><a href=\"https:\/\/www.ka-news.de\/karlsruhe\/stadtgespraech\/landtagswahl-2026-auf-einen-pudding-mit-den-karlsruher-direktkandidaten-wahlkreis-27-6-3-26-113627196\" target=\"_self\" class=\"underline \" rel=\"nofollow noopener\">Ute Leidig<\/a><\/strong> und <strong class=\"font-bold\"><a href=\"https:\/\/www.ka-news.de\/karlsruhe\/stadtgespraech\/landtagswahl-2026-auf-einen-pudding-mit-den-karlsruher-direktkandidaten-wahlkreis-28-6-3-26-113629656\" target=\"_self\" class=\"underline \" rel=\"nofollow noopener\">Benjamin Bauer<\/a><\/strong> ziehen beide Direktkandidaten der Karlsruher Gr\u00fcnen in den Landtag ein. <a href=\"https:\/\/www.ka-news.de\/region\/karlsruhe\/karlsruher-landtagskandidaten-2021-alexander-salomon-und-ute-leidig-gruene-art-2628846\" rel=\"nofollow noopener\" target=\"_blank\" class=\"underline \">Leidig konnte ihr Mandat verteidigen<\/a>, f\u00fcr Bauer ist es der erste Einzug. Er folgt auf Alexander Salomon, der nach 15 Jahren im Landtag nicht erneut kandidierte.\n  <\/p>\n<p class=\"mb-6 text-xs md:text-m lg:text-l font-serif group-[.font-sans]:font-sans \">\n    Ihr Wahlerfolg ist deutlich: mit 39,6 Prozent liegen sie bei den Erststimmen vor CDU (23,4 Prozent) und AfD (12,5 Prozent). Bei den Zweitstimmen betr\u00e4gt ihr Vorsprung knapp das Doppelte: 42,1 Prozent der Stimmen vereinen die Gr\u00fcnen auf sich, es folgen CDU mit 19,9 Prozent und AfD mit 12, 1 Prozent.\n  <\/p>\n<p>            6 Stadtteile gehen an die CDU, einer an die AfD &#8211; alle anderen sind gr\u00fcn<\/p>\n<p class=\"mb-6 text-xs md:text-m lg:text-l font-serif group-[.font-sans]:font-sans \">\n    Die Stadtteile <strong class=\"font-bold\">Stupferich, Hohenwettersbach, Palmbach und Gr\u00fcnwettersbach<\/strong> w\u00e4hlten in der Erststimme schwarz: Hier holte CDU-Kandidat Robin Schuster die Mehrheit der Stimmen. Drei der vier H\u00f6henstadtteile w\u00e4hlten zwar mit der Erststimme Schwarz, aber mit der Zweitstimme Gr\u00fcn: <strong class=\"font-bold\">Nur in Stupferich f\u00fchrt die CDU den Anteil der Zweistimmen an &#8211; ansonsten holen auch hier die Gr\u00fcnen alle Stadtteile. <\/strong>Direktkandidatin<strong class=\"font-bold\"> <\/strong>Ute Leidig konnte in ihrem Wahlbezirk Karlsruhe I (Wahlkreis 27) folgende Stadtteile f\u00fcr sich gewinnen:\n  <\/p>\n<ul rel=\"\" class=\"[&amp;&gt;li]:relative list-none  [&amp;&gt;li]:pl-[1.2em] [&amp;&gt;li]:marker:text-[0] [&amp;&gt;li]:relative [&amp;&gt;li]:before:absolute [&amp;&gt;li]:before:w-3 [&amp;&gt;li]:before:h-3 [&amp;&gt;li]:before:bg-brand [&amp;&gt;li]:before:left-0 [&amp;&gt;li]:before:top-[8px] [&amp;&gt;li]:before:rounded-full  my-5\">\n<li class=\" mb-3 text-xs md:text-m lg:text-l\">Waldstadt<\/li>\n<li class=\" mb-3 text-xs md:text-m lg:text-l\">Hagsfeld<\/li>\n<li class=\" mb-3 text-xs md:text-m lg:text-l\">Gr\u00f6tzingen<\/li>\n<li class=\" mb-3 text-xs md:text-m lg:text-l\">Rintheim<\/li>\n<li class=\" mb-3 text-xs md:text-m lg:text-l\">Oststadt<\/li>\n<li class=\" mb-3 text-xs md:text-m lg:text-l\">Innenstadt-Ost<\/li>\n<li class=\" mb-3 text-xs md:text-m lg:text-l\">S\u00fcdstadt<\/li>\n<li class=\" mb-3 text-xs md:text-m lg:text-l\">Durlach<\/li>\n<li class=\" mb-3 text-xs md:text-m lg:text-l\">Wolfartsweier<\/li>\n<li class=\" mb-3 text-xs md:text-m lg:text-l\">R\u00fcppurr<\/li>\n<li class=\" mb-3 text-xs md:text-m lg:text-l\">Weiherfeld-Dammerstock<\/li>\n<li class=\" mb-3 text-xs md:text-m lg:text-l\">Beiertheim-Bulach<\/li>\n<\/ul>\n<p class=\"mb-6 text-xs md:text-m lg:text-l font-serif group-[.font-sans]:font-sans \">\n    Auch im zweiten Wahlbezirk von Karlsruhe (Karlsruhe II, Wahlkreis 28) sind die Gr\u00fcnen Gewinner der Zweistimmen: Lediglich in Oberreut kann die AfD Stimmen holen. Gr\u00fcnen-Direktkandidat <strong class=\"font-bold\">Benjamin Bauer punktet folgenden Stadtteilen<\/strong>:\n  <\/p>\n<ul rel=\"\" class=\"[&amp;&gt;li]:relative list-none  [&amp;&gt;li]:pl-[1.2em] [&amp;&gt;li]:marker:text-[0] [&amp;&gt;li]:relative [&amp;&gt;li]:before:absolute [&amp;&gt;li]:before:w-3 [&amp;&gt;li]:before:h-3 [&amp;&gt;li]:before:bg-brand [&amp;&gt;li]:before:left-0 [&amp;&gt;li]:before:top-[8px] [&amp;&gt;li]:before:rounded-full  my-5\">\n<li class=\" mb-3 text-xs md:text-m lg:text-l\">Neureut<\/li>\n<li class=\" mb-3 text-xs md:text-m lg:text-l\">Nordstadt<\/li>\n<li class=\" mb-3 text-xs md:text-m lg:text-l\">Nordweststadt<\/li>\n<li class=\" mb-3 text-xs md:text-m lg:text-l\">M\u00fchlburg<\/li>\n<li class=\" mb-3 text-xs md:text-m lg:text-l\">Gr\u00fcnwinkel<\/li>\n<li class=\" mb-3 text-xs md:text-m lg:text-l\">S\u00fcdweststadt<\/li>\n<li class=\" mb-3 text-xs md:text-m lg:text-l\">Weststadt<\/li>\n<li class=\" mb-3 text-xs md:text-m lg:text-l\">Innenstadt-West<\/li>\n<\/ul>\n<p class=\"mb-6 text-xs md:text-m lg:text-l font-serif group-[.font-sans]:font-sans \">\n    Die Stadtteile <strong class=\"font-bold\">Knielingen <\/strong>und <strong class=\"font-bold\">Daxlanden<\/strong> w\u00e4hlten mehrheitlich <strong class=\"font-bold\">Katrin Sch\u00fctz<\/strong> <strong class=\"font-bold\">(CDU)<\/strong>. <strong class=\"font-bold\">Oberreut<\/strong> bleibt auch bei der <a href=\"https:\/\/www.ka-news.de\/veranstaltungen\/ka-landtagswahl-karlsruhe\" target=\"_self\" class=\"underline \" rel=\"nofollow noopener\">Landtagswahl<\/a> blau: Hier w\u00e4hlten die Stadtteilbewohner mehrheitlich den <strong class=\"font-bold\">AfD-Kandidaten Rouven Stolz <\/strong>&#8211; er erreicht 37 Prozent der Erststimmen. Es bleibt auch der einzige Stadtteil, welcher bei den Zweitstimmen (35 Prozent) an die AfD geht. Es folgen die CDU mit 23,4 Prozent und die Gr\u00fcnen mit nur 18,7 Prozent.\n  <\/p>\n<p>            Bitterer Abend f\u00fcr SPD und FDP<\/p>\n<p class=\"mb-6 text-xs md:text-m lg:text-l font-serif group-[.font-sans]:font-sans \">\n    Die Verlierer des Abends sind die Sozialdemokraten, gefolgt von der FDP: Beide Parteien verzeichnen die h\u00f6chsten Stimmenverluste gegen\u00fcber 2021. Die SPD f\u00e4hrt in beiden Karlsruher Wahlbezirken Verluste von -6,2 Prozent ein, die FDP verliert 3,4 Prozent im Karlsruher Westen (Karlsruhe II) und 4 Prozent im Osten (Karlsruhe I). Bei den Erststimmen ziehen die Linken mit 9,1 Prozent an der SPD (8,1 Prozent) vorbei auf Platz vier.\n  <\/p>\n<p class=\"mb-6 text-xs md:text-m lg:text-l font-serif group-[.font-sans]:font-sans \">\n    Top 3-Stimmenzuwachs: Im Karlsruher Osten k\u00f6nnen vor allem AfD, Gr\u00fcne und CDU mehr Stimmen im Vergleich zur vorangegangenen Wahl holen. Im Westen von Karlsruhe gewinnen AfD, Gr\u00fcne und Linke mehr Stimmen im Vergleich zu 2021.\n  <\/p>\n<p>            Hohe Wahlbeteiligung<\/p>\n<p class=\"mb-6 text-xs md:text-m lg:text-l font-serif group-[.font-sans]:font-sans \">\n    Die Wahlbeteiligung liegt in Karlsruhe bei 69,9 Prozent. Im Karlsruher Osten gingen 71,8 Prozent zur Wahl (2021 waren es hier knapp 63,9 Prozent), im Westen waren es 68,1 Prozent (2021 waren es 58,95 Prozent).\n  <\/p>\n<p>            Weitere Informationen und Ergebnisse rund um die Landtagswahl 2026<\/p>\n<ul data-module-id=\"DragDropModule\" class=\"flex flex-wrap justify-start group-[.no-bookmarks]:hidden\">\n<li class=\"mb-3 mr-3\">\n    Corina Bohner<\/p>\n<p>      Icon Haken im Kreis gesetzt<\/p>\n<p>      Icon Plus im Kreis<\/p>\n<\/li>\n<li class=\"mb-3 mr-3\">\n    Karlsruhe<\/p>\n<p>      Icon Haken im Kreis gesetzt<\/p>\n<p>      Icon Plus im Kreis<\/p>\n<\/li>\n<li class=\"mb-3 mr-3\">\n    Ute Leidig<\/p>\n<p>      Icon Haken im Kreis gesetzt<\/p>\n<p>      Icon Plus im Kreis<\/p>\n<\/li>\n<\/ul>\n","protected":false},"excerpt":{"rendered":"Gegen 21.20 Uhr war es soweit: Die Stimmzettel aller 269 Gebiete in Karlsruhe waren ausgez\u00e4hlt. Schon fr\u00fch zeichnete&hellip;\n","protected":false},"author":2,"featured_media":854687,"comment_status":"","ping_status":"","sticky":false,"template":"","format":"standard","meta":{"footnotes":"","_share_on_mastodon":"0"},"categories":[1844],"tags":[186,1634,189769,31,3364,29,186361,30,8903,106263,6053,146267,90787,55338],"class_list":["post-854686","post","type-post","status-publish","format-standard","has-post-thumbnail","category-karlsruhe","tag-afd","tag-baden-wuerttemberg","tag-benjamin-bauer","tag-cdu","tag-de","tag-deutschland","tag-erststimme","tag-germany","tag-karlsruhe","tag-oberreut","tag-stadtteil","tag-ute-leidig","tag-wahlbezirk","tag-wendepunkt"],"share_on_mastodon":{"url":"https:\/\/pubeurope.com\/@de\/116198493958793729","error":""},"_links":{"self":[{"href":"https:\/\/www.europesays.com\/de\/wp-json\/wp\/v2\/posts\/854686","targetHints":{"allow":["GET"]}}],"collection":[{"href":"https:\/\/www.europesays.com\/de\/wp-json\/wp\/v2\/posts"}],"about":[{"href":"https:\/\/www.europesays.com\/de\/wp-json\/wp\/v2\/types\/post"}],"author":[{"embeddable":true,"href":"https:\/\/www.europesays.com\/de\/wp-json\/wp\/v2\/users\/2"}],"replies":[{"embeddable":true,"href":"https:\/\/www.europesays.com\/de\/wp-json\/wp\/v2\/comments?post=854686"}],"version-history":[{"count":0,"href":"https:\/\/www.europesays.com\/de\/wp-json\/wp\/v2\/posts\/854686\/revisions"}],"wp:featuredmedia":[{"embeddable":true,"href":"https:\/\/www.europesays.com\/de\/wp-json\/wp\/v2\/media\/854687"}],"wp:attachment":[{"href":"https:\/\/www.europesays.com\/de\/wp-json\/wp\/v2\/media?parent=854686"}],"wp:term":[{"taxonomy":"category","embeddable":true,"href":"https:\/\/www.europesays.com\/de\/wp-json\/wp\/v2\/categories?post=854686"},{"taxonomy":"post_tag","embeddable":true,"href":"https:\/\/www.europesays.com\/de\/wp-json\/wp\/v2\/tags?post=854686"}],"curies":[{"name":"wp","href":"https:\/\/api.w.org\/{rel}","templated":true}]}}