{"id":854694,"date":"2026-03-09T09:27:22","date_gmt":"2026-03-09T09:27:22","guid":{"rendered":"https:\/\/www.europesays.com\/de\/854694\/"},"modified":"2026-03-09T09:27:22","modified_gmt":"2026-03-09T09:27:22","slug":"duesseldorf-fdp-politikerin-verliert-wahlwette-glatze-folgt","status":"publish","type":"post","link":"https:\/\/www.europesays.com\/de\/854694\/","title":{"rendered":"D\u00fcsseldorf | FDP-Politikerin verliert Wahlwette &#8211; Glatze folgt"},"content":{"rendered":"<p>Landtagswahl und Lockenpracht<\/p>\n<p>D\u00fcsseldorf (dpa) &#8211; FDP-Generalsekret\u00e4rin Nicole B\u00fcttner macht ernst und will sich nach einer verlorenen Wette zur baden-w\u00fcrttembergischen Landtagswahl eine Glatze rasieren. \u00abLiberale stehen zu ihrem Wort &#8211; auch in einer Niederlage. Genauso entschlossen, wie wir der Gegenentwurf zu Stillstand und Pessimismus sind, halte ich auch Wort\u00bb sagte B\u00fcttner der \u00abRheinischen Post\u00bb. Wann und wo sie zur Tat schreiten wird, blieb offen.<\/p>\n<p>B\u00fcttner hatte im Januar der \u00abSchw\u00e4bischen Zeitung\u00bb gesagt, sie liebe ihre lockigen Haare, werde sie aber abrasieren, sollte die FDP den Wiedereinzug in den Landtag von Baden-W\u00fcrttemberg nicht schaffen: \u00abAlles weg. Radikal.\u00bb Die FDP scheiterte bei der Wahl am Sonntag an der F\u00fcnf-Prozent-H\u00fcrde.<\/p>\n<p>\u00a9 dpa-infocom, dpa:260309-930-789651\/1<\/p>\n","protected":false},"excerpt":{"rendered":"Landtagswahl und Lockenpracht D\u00fcsseldorf (dpa) &#8211; FDP-Generalsekret\u00e4rin Nicole B\u00fcttner macht ernst und will sich nach einer verlorenen Wette&hellip;\n","protected":false},"author":2,"featured_media":854695,"comment_status":"","ping_status":"","sticky":false,"template":"","format":"standard","meta":{"footnotes":"","_share_on_mastodon":"0"},"categories":[1841],"tags":[171087,1634,1605,3364,29,187,30,2235,1985,2549,1209,2403,2534],"class_list":["post-854694","post","type-post","status-publish","format-standard","has-post-thumbnail","category-bielefeld","tag-ltwbw26","tag-baden-wuerttemberg","tag-bielefeld","tag-de","tag-deutschland","tag-fdp","tag-germany","tag-kurioses","tag-landtag","tag-leute","tag-nordrhein-westfalen","tag-partei","tag-wahl"],"share_on_mastodon":{"url":"https:\/\/pubeurope.com\/@de\/116198509552618693","error":""},"_links":{"self":[{"href":"https:\/\/www.europesays.com\/de\/wp-json\/wp\/v2\/posts\/854694","targetHints":{"allow":["GET"]}}],"collection":[{"href":"https:\/\/www.europesays.com\/de\/wp-json\/wp\/v2\/posts"}],"about":[{"href":"https:\/\/www.europesays.com\/de\/wp-json\/wp\/v2\/types\/post"}],"author":[{"embeddable":true,"href":"https:\/\/www.europesays.com\/de\/wp-json\/wp\/v2\/users\/2"}],"replies":[{"embeddable":true,"href":"https:\/\/www.europesays.com\/de\/wp-json\/wp\/v2\/comments?post=854694"}],"version-history":[{"count":0,"href":"https:\/\/www.europesays.com\/de\/wp-json\/wp\/v2\/posts\/854694\/revisions"}],"wp:featuredmedia":[{"embeddable":true,"href":"https:\/\/www.europesays.com\/de\/wp-json\/wp\/v2\/media\/854695"}],"wp:attachment":[{"href":"https:\/\/www.europesays.com\/de\/wp-json\/wp\/v2\/media?parent=854694"}],"wp:term":[{"taxonomy":"category","embeddable":true,"href":"https:\/\/www.europesays.com\/de\/wp-json\/wp\/v2\/categories?post=854694"},{"taxonomy":"post_tag","embeddable":true,"href":"https:\/\/www.europesays.com\/de\/wp-json\/wp\/v2\/tags?post=854694"}],"curies":[{"name":"wp","href":"https:\/\/api.w.org\/{rel}","templated":true}]}}