{"id":854966,"date":"2026-03-09T11:57:14","date_gmt":"2026-03-09T11:57:14","guid":{"rendered":"https:\/\/www.europesays.com\/de\/854966\/"},"modified":"2026-03-09T11:57:14","modified_gmt":"2026-03-09T11:57:14","slug":"motorradunfaelle-am-wochenende-mann-schwer-verletzt","status":"publish","type":"post","link":"https:\/\/www.europesays.com\/de\/854966\/","title":{"rendered":"Motorradunf\u00e4lle am Wochenende \u2013 Mann schwer verletzt"},"content":{"rendered":"<p>Nach Unfall <\/p>\n<p>Betrunkener Motorradfahrer beleidigt und bedroht Zeugen<\/p>\n<p>09.03.2026 &#8211; 12:32 UhrLesedauer: 2 Min.<\/p>\n<p><a href=\"#focus-0\" class=\"transition-colors duration-200 block text-current relative\" data-sctrack=\"FocusGalleryImage.Reference\"><img fetchpriority=\"high\" data-testid=\"Opener.Image\" style=\"--lqipURL:url('https:\/\/images.t-online.de\/2026\/03\/LofKbA1IUc5t\/0x1470:3000x1687\/fit-in\/150x0\/filters:blur(25)\/motorrad-am-boden-am-wochenende-kam-es-zu-zwei-schwereren-unfaellen.jpg')\"   loading=\"eager\" src=\"https:\/\/www.europesays.com\/de\/wp-content\/uploads\/2026\/03\/motorrad-am-boden-am-wochenende-kam-es-zu-zwei-schwereren-unfaellen.jpg\" alt=\"Motorrad am Boden (Symbolbild): Am Wochenende kam es zu zwei Unf\u00e4llen.\" title=\"Motorrad am Boden (Symbolbild): Am Wochenende kam es zu zwei Unf\u00e4llen.\" width=\"3000\" height=\"1687\" class=\"bg-[url:var(--lqipURL)] bg-cover bg-center flex h-full w-full max-w-full\" decoding=\"async\"\/><img style=\"--width:32;--height:32\" loading=\"lazy\" src=\"https:\/\/aachen.t-online.de\/s\/paper\/_next\/static\/media\/zoom-in.f7dae02f.svg\" alt=\"Vergr\u00f6\u00dfern des Bildes\" title=\"Vergr\u00f6\u00dfern des Bildes\" class=\"block h-[calc(var(--height)_\/_16_*_1rem)] w-[calc(var(--width)_\/_16_*_1rem)] max-w-none absolute bottom-8 right-8 rounded-4 bg-snow p-8\" decoding=\"async\"\/><\/a><\/p>\n<p>Motorrad am Boden (Symbolbild): Am Wochenende kam es zu zwei Unf\u00e4llen. (Quelle: Polizei Aachen)<\/p>\n<p class=\"font-bold text-18 leading-17 user-text-lg:text-22 user-text-xl:text-24\">Zwei Motorradfahrer verungl\u00fccken am Wochenende in der St\u00e4dteregion. Bei Kesternich wird ein Fahrer schwer verletzt, in Aachen eskaliert ein Motorradfahrer nach einem Unfall.<\/p>\n<p class=\"text-18 leading-17 user-text-lg:text-22 user-text-xl:text-24\">Am Wochenende ist es in der St\u00e4dteregion Aachen zu mehreren Motorradunf\u00e4llen gekommen. Dabei wurden mehrere Menschen verletzt.<\/p>\n<p class=\"text-18 leading-17 user-text-lg:text-22 user-text-xl:text-24\">Am Samstag war ein 63-J\u00e4hriger gegen 13.30\u202fUhr auf der L166 in Richtung Kesternich unterwegs, als er auf ein vor ihm bremsendes Auto auffuhr. Die 71-j\u00e4hrige Fahrerin hatte ihr Fahrzeug verkehrsbedingt abbremsen m\u00fcssen, ein 58-j\u00e4hriger Radfahrer fuhr ebenfalls vor ihr. Durch den Aufprall wurde der Motorradfahrer durch die Luft geschleudert und st\u00fcrzte zu Boden.<\/p>\n<p class=\"text-18 leading-17 user-text-lg:text-22 user-text-xl:text-24\">Der Mann wurde schwer verletzt, Lebensgefahr bestand nach ersten Erkenntnissen nicht. Ein Rettungshubschrauber brachte ihn in ein Krankenhaus. Die L\u202f166 zwischen Kesternich und Rurberg war w\u00e4hrend der Unfallaufnahme gesperrt. Die Feuerwehr beseitigte ausgelaufene Betriebsmittel.<\/p>\n<p class=\"text-18 leading-17 user-text-lg:text-22 user-text-xl:text-24\">Bereits am Samstagnachmittag kam es in der Innenstadt von Aachen zu einem weiteren Motorradunfall. Ein 46-j\u00e4hriger Mann stie\u00df gegen 17.30\u202fUhr mit einer 62-j\u00e4hrigen Autofahrerin zusammen, als er versuchte, sie beim Abbiegen auf einen Supermarktparkplatz zu \u00fcberholen. Der Motorradfahrer fl\u00fcchtete zu Fu\u00df in Richtung Grevenberger Stra\u00dfe, wurde jedoch von einem Zeugen und weiteren Passanten unter einem Balkon aufgefunden und zum Unfallort zur\u00fcckgebracht.<\/p>\n<p class=\"text-18 leading-17 user-text-lg:text-22 user-text-xl:text-24\">Die Polizei stellte fest, dass der Mann unter Alkohol- und Drogeneinfluss stand, keine g\u00fcltige Fahrerlaubnis besa\u00df und das am Motorrad montierte Kennzeichen nicht zu den Fahrzeugpapieren passte. Au\u00dferdem hatte er Zeugen beleidigt und bedroht. Er wurde leicht verletzt in ein Krankenhaus gebracht, eine Blutprobe wurde entnommen. Die Autofahrerin blieb unverletzt.<\/p>\n<p class=\"text-18 leading-17 user-text-lg:text-22 user-text-xl:text-24\">Das Aachener Verkehrskommissariat ermittelt nun unter anderem wegen Stra\u00dfenverkehrsgef\u00e4hrdung, Fahrens ohne Fahrerlaubnis, unerlaubten Entfernens vom Unfallort, Beleidigung, Bedrohung und Kennzeichenmissbrauch.<\/p>\n","protected":false},"excerpt":{"rendered":"Nach Unfall Betrunkener Motorradfahrer beleidigt und bedroht Zeugen 09.03.2026 &#8211; 12:32 UhrLesedauer: 2 Min. Motorrad am Boden (Symbolbild):&hellip;\n","protected":false},"author":2,"featured_media":854967,"comment_status":"","ping_status":"","sticky":false,"template":"","format":"standard","meta":{"footnotes":"","_share_on_mastodon":"0"},"categories":[1853],"tags":[722,1424,3364,29,548,663,3934,30,13,189825,6994,14,15,1209,121,12,18025,1284],"class_list":["post-854966","post","type-post","status-publish","format-standard","has-post-thumbnail","category-aachen","tag-722","tag-aachen","tag-de","tag-deutschland","tag-eu","tag-europa","tag-europe","tag-germany","tag-headlines","tag-kesternich","tag-motorradunfall","tag-nachrichten","tag-news","tag-nordrhein-westfalen","tag-polizei","tag-schlagzeilen","tag-staedteregion","tag-unfall"],"share_on_mastodon":{"url":"https:\/\/pubeurope.com\/@de\/116199099478841867","error":""},"_links":{"self":[{"href":"https:\/\/www.europesays.com\/de\/wp-json\/wp\/v2\/posts\/854966","targetHints":{"allow":["GET"]}}],"collection":[{"href":"https:\/\/www.europesays.com\/de\/wp-json\/wp\/v2\/posts"}],"about":[{"href":"https:\/\/www.europesays.com\/de\/wp-json\/wp\/v2\/types\/post"}],"author":[{"embeddable":true,"href":"https:\/\/www.europesays.com\/de\/wp-json\/wp\/v2\/users\/2"}],"replies":[{"embeddable":true,"href":"https:\/\/www.europesays.com\/de\/wp-json\/wp\/v2\/comments?post=854966"}],"version-history":[{"count":0,"href":"https:\/\/www.europesays.com\/de\/wp-json\/wp\/v2\/posts\/854966\/revisions"}],"wp:featuredmedia":[{"embeddable":true,"href":"https:\/\/www.europesays.com\/de\/wp-json\/wp\/v2\/media\/854967"}],"wp:attachment":[{"href":"https:\/\/www.europesays.com\/de\/wp-json\/wp\/v2\/media?parent=854966"}],"wp:term":[{"taxonomy":"category","embeddable":true,"href":"https:\/\/www.europesays.com\/de\/wp-json\/wp\/v2\/categories?post=854966"},{"taxonomy":"post_tag","embeddable":true,"href":"https:\/\/www.europesays.com\/de\/wp-json\/wp\/v2\/tags?post=854966"}],"curies":[{"name":"wp","href":"https:\/\/api.w.org\/{rel}","templated":true}]}}