{"id":855084,"date":"2026-03-09T12:58:22","date_gmt":"2026-03-09T12:58:22","guid":{"rendered":"https:\/\/www.europesays.com\/de\/855084\/"},"modified":"2026-03-09T12:58:22","modified_gmt":"2026-03-09T12:58:22","slug":"baumschulenstrasse-baufortschritt-fuer-41-mikroapartments","status":"publish","type":"post","link":"https:\/\/www.europesays.com\/de\/855084\/","title":{"rendered":"Baumschulenstra\u00dfe: Baufortschritt f\u00fcr 41 Mikroapartments"},"content":{"rendered":"<p><strong>Am Baugrundst\u00fcck in der Baumschulenstra\u00dfe 35 schreiten die Arbeiten deutlich voran. Neben dem bereits sichtbaren Hinterhaus w\u00e4chst nun auch der Bauk\u00f6rper direkt am B\u00fcrgersteig. Das Projekt \u201eBaumschule\u201c mit 41 Mikroapartments zeigt vor Ort zunehmend Konturen des k\u00fcnftigen Wohnensembles.<\/strong><\/p>\n<p><a href=\"https:\/\/www.europesays.com\/de\/wp-content\/uploads\/2026\/03\/Baumschulenstrasse-35-Maerz-2026-_-\u00a9-Foto_-ENTWICKLUNGSSTADT.jpg\"><img loading=\"lazy\" decoding=\"async\" aria-describedby=\"caption-attachment-88500\" class=\"lazyload wp-image-88500 size-full\" src=\"data:image\/svg+xml,%3Csvg%20xmlns%3D%27http%3A%2F%2Fwww.w3.org%2F2000%2Fsvg%27%20width%3D%271280%27%20height%3D%27720%27%20viewBox%3D%270%200%201280%20720%27%3E%3Crect%20width%3D%271280%27%20height%3D%27720%27%20fill-opacity%3D%220%22%2F%3E%3C%2Fsvg%3E\" data-orig-src=\"https:\/\/www.europesays.com\/de\/wp-content\/uploads\/2026\/03\/Baumschulenstrasse-35-Maerz-2026-_-\u00a9-Foto_-ENTWICKLUNGSSTADT.jpg\" alt=\"Baumschulenstra\u00dfe 35, Baustelle\" width=\"1280\" height=\"720\"\/><\/a><\/p>\n<p id=\"caption-attachment-88500\" class=\"wp-caption-text\">Unweit des S-Bahnhofs Baumschulenweg entsteht derzeit das Projekt \u201eBaumschule\u201c. Die Projektverantwortlichen streben eine Wohnform an, die den Bed\u00fcrfnissen junger Berufst\u00e4tiger zwischen 25 und 40 Jahren entgegenkommt. \/ \u00a9 Foto: ENTWICKLUNGSSTADT<\/p>\n<p>\u00a9 Titelbild: BRH Berlin Residential Investment GmbH<\/p>\n<p>\u00a0<\/p>\n<p data-start=\"862\" data-end=\"1279\">In der Baumschulenstra\u00dfe 35 in Treptow\u2011K\u00f6penick hat der Bau des Mikroapartment\u2011Projekts \u201eBaumschule\u201c einen weiteren sichtbaren Meilenstein erreicht.<\/p>\n<p data-start=\"862\" data-end=\"1279\">Nachdem der <a href=\"https:\/\/www.entwicklungsstadt.de\/sichtbarer-baufortschritt-in-baumschulenweg-mikroapartments-wachsen-in-die-hoehe\/\" rel=\"nofollow noopener\" target=\"_blank\">Rohbau des Hinterhauses bereits deutlich in die H\u00f6he gewachsen<\/a> ist, gehen die Arbeiten nun auch direkt an der Stra\u00dfenseite voran und schlie\u00dfen die bisher offene L\u00fccke neben der Kleintierarztpraxis.<\/p>\n<p>Treptow-K\u00f6penick: Mikroapartments sollen sich an \u201eYoung Professionals\u201c richten<\/p>\n<p data-start=\"1643\" data-end=\"1910\">Das Baugeschehen ist derzeit von Kr\u00e4nen, Betonstrukturen und zunehmend erkennbaren Formen des Geb\u00e4udes gepr\u00e4gt. Das Vorhaben tr\u00e4gt 41 Mikroapartments, deren Fl\u00e4chen sich zwischen kompakten 33 und 64 Quadratmetern bewegen. Sie richten sich an Einzelpersonen und Paare, die in der wachsenden Arbeitslandschaft des S\u00fcdostens Berlins t\u00e4tig sind.<\/p>\n<p data-start=\"1643\" data-end=\"1910\">Architektonisch will sich der Neubau in das heterogene Umfeld aus Alt\u2011 und Nachkriegsbauten einf\u00fcgen. Eine <a href=\"https:\/\/www.entwicklungsstadt.de\/baumschulenweg-baustart-fuer-neue-mikroapartments\/\" rel=\"nofollow noopener\" target=\"_blank\">markante Stra\u00dfenfassade mit auff\u00e4lligen runden \u00d6ffnungen<\/a> soll k\u00fcnftig Blickbeziehungen zu den umliegenden Geb\u00e4uden herstellen. Zwischen Vorder\u2011 und Hinterhaus ist ein begr\u00fcnter Innenhof als gemeinsamer Aufenthaltsraum geplant.<\/p>\n<p>Quellen: BRH Berlin Residential Investment GmbH, Architektur Urbanistik Berlin, Realace GmbH<\/p>\n","protected":false},"excerpt":{"rendered":"Am Baugrundst\u00fcck in der Baumschulenstra\u00dfe 35 schreiten die Arbeiten deutlich voran. Neben dem bereits sichtbaren Hinterhaus w\u00e4chst nun&hellip;\n","protected":false},"author":2,"featured_media":855085,"comment_status":"","ping_status":"","sticky":false,"template":"","format":"standard","meta":{"footnotes":"","_share_on_mastodon":"0"},"categories":[1825],"tags":[31722,296,31518,29,30,31732,5917,4319],"class_list":["post-855084","post","type-post","status-publish","format-standard","has-post-thumbnail","category-berlin","tag-bauprojekte-berlin-treptow","tag-berlin","tag-berlin-treptow","tag-deutschland","tag-germany","tag-mietwohnungen-berlin","tag-treptow-koepenick","tag-wohnbau-berlin"],"share_on_mastodon":{"url":"https:\/\/pubeurope.com\/@de\/116199339333951451","error":""},"_links":{"self":[{"href":"https:\/\/www.europesays.com\/de\/wp-json\/wp\/v2\/posts\/855084","targetHints":{"allow":["GET"]}}],"collection":[{"href":"https:\/\/www.europesays.com\/de\/wp-json\/wp\/v2\/posts"}],"about":[{"href":"https:\/\/www.europesays.com\/de\/wp-json\/wp\/v2\/types\/post"}],"author":[{"embeddable":true,"href":"https:\/\/www.europesays.com\/de\/wp-json\/wp\/v2\/users\/2"}],"replies":[{"embeddable":true,"href":"https:\/\/www.europesays.com\/de\/wp-json\/wp\/v2\/comments?post=855084"}],"version-history":[{"count":0,"href":"https:\/\/www.europesays.com\/de\/wp-json\/wp\/v2\/posts\/855084\/revisions"}],"wp:featuredmedia":[{"embeddable":true,"href":"https:\/\/www.europesays.com\/de\/wp-json\/wp\/v2\/media\/855085"}],"wp:attachment":[{"href":"https:\/\/www.europesays.com\/de\/wp-json\/wp\/v2\/media?parent=855084"}],"wp:term":[{"taxonomy":"category","embeddable":true,"href":"https:\/\/www.europesays.com\/de\/wp-json\/wp\/v2\/categories?post=855084"},{"taxonomy":"post_tag","embeddable":true,"href":"https:\/\/www.europesays.com\/de\/wp-json\/wp\/v2\/tags?post=855084"}],"curies":[{"name":"wp","href":"https:\/\/api.w.org\/{rel}","templated":true}]}}