{"id":855095,"date":"2026-03-09T13:07:16","date_gmt":"2026-03-09T13:07:16","guid":{"rendered":"https:\/\/www.europesays.com\/de\/855095\/"},"modified":"2026-03-09T13:07:16","modified_gmt":"2026-03-09T13:07:16","slug":"hier-sinkt-der-rundfunkbeitrag-um-39-euro","status":"publish","type":"post","link":"https:\/\/www.europesays.com\/de\/855095\/","title":{"rendered":"Hier sinkt der Rundfunkbeitrag um 39 Euro"},"content":{"rendered":"<p data-ac=\"0-574\">In Deutschland schimpfen viele \u00fcber den Rundfunkbeitrag. Reformieren m\u00fcsse man das System, hei\u00dft es dann, mindestens. Manche w\u00fcrden ihn am liebsten ganz abschaffen. Schlie\u00dflich leben wir im <a href=\"https:\/\/www.inside-digital.de\/ratgeber\/vergleich-zattoo-waipu-sky-magenta-tv-streaming-fernsehen\" rel=\"nofollow noopener\" target=\"_blank\">Streaming<\/a>-Zeitalter, in dem man sich Serien und Nachrichten selbst zusammensucht. Warum also noch zahlen f\u00fcr Krimis, Kochshows und Wiederholungen, <a href=\"https:\/\/www.inside-digital.de\/news\/gez-gebuehren-bosse-von-ard-zdf-rbb-und-co-schwimmen-in-geld\" type=\"post\" id=\"832482\" rel=\"nofollow noopener\" target=\"_blank\">w\u00e4hrend Intendanten f\u00fcrstliche Geh\u00e4lter kassieren<\/a>? Der \u00c4rger ist gro\u00df, die Bereitschaft zu zahlen eher klein. Doch nicht alle sind \u00fcber die GEZ-Geb\u00fchren erbo\u00dft. Die Mehrheit war jetzt sogar gegen eine Senkung der Beitr\u00e4ge.<\/p>\n<p>Rundfunkbeitrag: Die Mehrheit wollte es nicht, aber er sinkt<\/p>\n<p data-ac=\"1-1301\">Die Deutschen zahlen brav alle drei Monate rund 55 Euro. Daf\u00fcr k\u00f6nnen sie ARD, ZDF und Co. empfangen\u00a0\u2013 ob sie wollen, oder nicht. Auch wer gar keinen Fernseher zu Hause hat, muss zahlen. In einigen europ\u00e4ischen L\u00e4ndern funktioniert \u00f6ffentlich-rechtlicher Rundfunk auch ohne solche Geb\u00fchren. In Frankreich etwa, in Spanien oder Luxemburg. Und dann gibt es die Schweiz. Dort ist der Rundfunkbeitrag deutlich h\u00f6her als in Deutschland. Umgerechnet zahlt ein Haushalt gut 30 Euro im Monat an die \u00f6ffentlich-rechtliche Rundfunkgesellschaft SRG. Das klingt zun\u00e4chst brutal. Hat aber Gr\u00fcnde. Vier Landessprachen wollen versorgt werden. Und billig ist Medienproduktion in einem Land mit Schweizer L\u00f6hnen ohnehin nicht.<\/p>\n<p data-ac=\"2-1373\">\u2192 <a href=\"https:\/\/www.inside-digital.de\/news\/so-viele-deutsche-zahlen-keinen-rundfunkbeitrag-obwohl-sie-muessten\" rel=\"nofollow noopener\" target=\"_blank\">So viele Deutsche zahlen keinen Rundfunkbeitrag, obwohl sie m\u00fcssten<\/a><\/p>\n<p data-ac=\"3-2023\">Trotzdem stand die Geb\u00fchr jetzt zur Debatte. <a href=\"https:\/\/orf.at\/stories\/3423110\/\" target=\"_blank\" rel=\"noopener nofollow\">Am Sonntag stimmte das Land dar\u00fcber ab<\/a>, ob sie drastisch gesenkt werden soll \u2013 von 335 auf nur noch 200 Franken pro Jahr. Umgerechnet also von \u00fcber 370 auf rund 220 Euro. Die Initiatoren argumentierten mit Entlastung f\u00fcr Haushalte und Unternehmen. Au\u00dferdem, so ihr Argument, sei ein Medienhaus als Allesanbieter nicht mehr zeitgem\u00e4\u00df. Die Zeit des linearen Fernsehens sei vorbei, sagte etwa der Pr\u00e4sident der Jungen FDP, Jonas L\u00fcthy. Sportrechte und Unterhaltung k\u00f6nnten private Anbieter schlie\u00dflich auch \u00fcbernehmen. Doch die W\u00e4hler hatten andere Ideen. 61,9 Prozent lehnten die K\u00fcrzung ab.<\/p>\n<p>In Krisenzeiten sind \u00f6ffentlich-rechtliche beliebt<\/p>\n<p>Vor allem in den St\u00e4dten wurde kr\u00e4ftig gegen die Initiative mobilisiert. Die Kampagne der Gegner stellte weniger Krimis und Unterhaltung in den Mittelpunkt, sondern die demokratische Funktion des Rundfunks. Verl\u00e4ssliche Information, regionale Berichterstattung, Programme in mehreren Sprachen \u2013 all das drohe bei einer Halbierung der Geb\u00fchren schlicht zu verschwinden. Auch die internationale Lage spielte wohl eine Rolle. Wenn irgendwo auf der Welt wieder eine Krise eskaliert, sch\u00e4tzen viele offenbar doch eine Redaktion, die Nachrichten nicht aus dem Internet zusammenkopiert. Ganz ungeschoren kommt die SRG trotzdem nicht davon. Die Geb\u00fchren werden ohnehin sinken \u2013 allerdings erst 2029. Dann zahlen Haushalte statt 370 noch gut 330 Euro pro Jahr, also rund 40 Euro weniger.<\/p>\n<p>    <a class=\"article-teaser\" href=\"https:\/\/www.inside-digital.de\/news\/gez-gebuehren-wer-keinen-fernseher-hat-zahlt-jetzt-keinen-rundfunkbeitrag\" rel=\"nofollow noopener\" target=\"_blank\"><br \/>\n      <img decoding=\"async\" loading=\"lazy\" width=\"247\" height=\"186\" class=\"entry-thumb wp-post-image\" src=\"https:\/\/www.europesays.com\/de\/wp-content\/uploads\/2026\/03\/gez-hammer-rundfunkbeitrag-vor-dem-aus.jpg\"  alt=\"GEZ-Hammer: Rundfunkbeitrag vor Erh\u00f6hung\" title=\"GEZ-Hammer: Rundfunkbeitrag vor dem Aus\"\/>      <\/p>\n<p>Jetzt weiterlesen<\/p>\n<p>\n          GEZ-Geb\u00fchren: Wer keinen Fernseher hat, zahlt keinen Rundfunkbeitrag          <\/p>\n<p>    <\/a><\/p>\n<p>    <img decoding=\"async\" class=\"wp-worthy-pixel-img skip-lazy \" src=\"https:\/\/www.europesays.com\/de\/wp-content\/uploads\/2026\/03\/ec8ae470eee14cc9a23ccc1fcb901c46.gif\" loading=\"eager\" data-no-lazy=\"1\" data-skip-lazy=\"1\" height=\"1\" width=\"1\" alt=\"\"\/>                <\/p>\n","protected":false},"excerpt":{"rendered":"In Deutschland schimpfen viele \u00fcber den Rundfunkbeitrag. Reformieren m\u00fcsse man das System, hei\u00dft es dann, mindestens. Manche w\u00fcrden&hellip;\n","protected":false},"author":2,"featured_media":855096,"comment_status":"","ping_status":"","sticky":false,"template":"","format":"standard","meta":{"footnotes":"","_share_on_mastodon":"0"},"categories":[1772],"tags":[29,214,64646,30,1779,810,27310,43278,215],"class_list":["post-855095","post","type-post","status-publish","format-standard","has-post-thumbnail","category-musik","tag-deutschland","tag-entertainment","tag-finanzen-und-versicherungen","tag-germany","tag-music","tag-musik","tag-pay-tv","tag-tv-sender","tag-unterhaltung"],"share_on_mastodon":{"url":"https:\/\/pubeurope.com\/@de\/116199374758044362","error":""},"_links":{"self":[{"href":"https:\/\/www.europesays.com\/de\/wp-json\/wp\/v2\/posts\/855095","targetHints":{"allow":["GET"]}}],"collection":[{"href":"https:\/\/www.europesays.com\/de\/wp-json\/wp\/v2\/posts"}],"about":[{"href":"https:\/\/www.europesays.com\/de\/wp-json\/wp\/v2\/types\/post"}],"author":[{"embeddable":true,"href":"https:\/\/www.europesays.com\/de\/wp-json\/wp\/v2\/users\/2"}],"replies":[{"embeddable":true,"href":"https:\/\/www.europesays.com\/de\/wp-json\/wp\/v2\/comments?post=855095"}],"version-history":[{"count":0,"href":"https:\/\/www.europesays.com\/de\/wp-json\/wp\/v2\/posts\/855095\/revisions"}],"wp:featuredmedia":[{"embeddable":true,"href":"https:\/\/www.europesays.com\/de\/wp-json\/wp\/v2\/media\/855096"}],"wp:attachment":[{"href":"https:\/\/www.europesays.com\/de\/wp-json\/wp\/v2\/media?parent=855095"}],"wp:term":[{"taxonomy":"category","embeddable":true,"href":"https:\/\/www.europesays.com\/de\/wp-json\/wp\/v2\/categories?post=855095"},{"taxonomy":"post_tag","embeddable":true,"href":"https:\/\/www.europesays.com\/de\/wp-json\/wp\/v2\/tags?post=855095"}],"curies":[{"name":"wp","href":"https:\/\/api.w.org\/{rel}","templated":true}]}}