{"id":855151,"date":"2026-03-09T13:39:18","date_gmt":"2026-03-09T13:39:18","guid":{"rendered":"https:\/\/www.europesays.com\/de\/855151\/"},"modified":"2026-03-09T13:39:18","modified_gmt":"2026-03-09T13:39:18","slug":"gabriele-krone-schmalz-ueber-russland-den-iran-und-zweierlei-mass-beim-voelkerrecht","status":"publish","type":"post","link":"https:\/\/www.europesays.com\/de\/855151\/","title":{"rendered":"Gabriele Krone-Schmalz \u00fcber Russland, den Iran und zweierlei Mass beim V\u00f6lkerrecht"},"content":{"rendered":"<p>W\u00e4hrend die westliche Staatengemeinschaft sich gerne im Glanz ihrer \u00abregelbasierten Ordnung\u00bb sonnt, legt die erfahrene Publizistin und ehemalige ARD-Moskau-Korrespondentin Gabriele Krone-Schmalz im Gespr\u00e4ch mit der Weltwoche den Finger in die Wunde unserer Zeit: die grassierende Doppelmoral.<\/p>\n<p>Im Fokus steht der j\u00fcngste milit\u00e4rische Schlag der USA und Israels gegen den Iran. Wo bleibt der Aufschrei? Wo bleibt die v\u00f6lkerrechtliche Brandmarkung, die wir seit vier Jahren bei jeder russischen Bewegung wie ein Mantra vor uns hertragen? Krone-Schmalz analysiert n\u00fcchtern und ohne die \u00fcbliche moralische Schnappatmung des Mainstreams.<\/p>\n<p>                <img src=\"https:\/\/www.europesays.com\/de\/wp-content\/uploads\/2026\/03\/Bildschirmfoto-2026-03-09-um-11.31.03-1024x591.jpg\" alt=\"\" itemprop=\"contentUrl\" class=\"story-img story-img--landscape\" loading=\"lazy\" decoding=\"async\"\/><\/p>\n<p>F\u00fcr Krone-Schmalz ist der Fall klar. Auch wenn sie keine Juristin sei, so doch eine Journalistin, die die Regeln beim Wort nimmt. Mit Blick auf den Angriff auf den Iran konstatiert sie: \u00abWenn man die Regeln des V\u00f6lkerrechtes ernst nimmt, dann denke ich (&#8230;), kann man gar nicht anders sagen, als dass es sich um einen v\u00f6lkerrechtswidrigen Angriff handelt.\u00bb<\/p>\n<p>\n                 _e(&#8218;Werbung&#8216;, &#8218;weltwoche&#8216;); ?&gt;\n            <\/p>\n<p>Das Problem sei nicht das Recht an sich, sondern dessen selektive Anwendung durch den Westen. Wir messen mit zweierlei Mass, und das in einer Art und Weise, die unsere restliche Glaubw\u00fcrdigkeit in der Welt vollends verspielt. W\u00e4hrend beim \u00abv\u00f6lkerrechtswidrigen Angriffskrieg Russlands\u00bb die Vokabeln gar nicht martialisch genug sein k\u00f6nnen, herrscht beim Vorgehen der eigenen Verb\u00fcndeten vornehmes \u00abRumeiern\u00bb.<\/p>\n<p>\n                 _e(&#8218;Werbung&#8216;, &#8218;weltwoche&#8216;); ?&gt;\n            <\/p>\n<p>Besonders hellh\u00f6rig macht Krone-Schmalz\u2019 Warnung vor der Erosion staatlicher Souver\u00e4nit\u00e4t. Wenn Staatslenker \u2013 ob sympathisch oder nicht \u2013 einfach \u00abgecatcht\u00bb oder eliminiert werden, weil man die technischen Mittel dazu hat, verlassen wir den Boden der Zivilisation.<\/p>\n<p>\u00abWo kommen wir denn hin, wenn es eine Frage der St\u00e4rke ist, dass andere L\u00e4nder (&#8230;) damit rechnen m\u00fcssen, dass deren Pr\u00e4sidenten oder Staatslenker (&#8230;) so mal eben entweder gecatcht werden (&#8230;) oder eben gleich umgebracht werden?\u00bb<\/p>\n<p>\n                 _e(&#8218;Werbung&#8216;, &#8218;weltwoche&#8216;); ?&gt;\n            <\/p>\n<p>Die Diagnose ist bitter: Das Vertrauen in internationale Abkommen ist auf dem Nullpunkt. Krone-Schmalz erinnert daran, dass der Angriff auf den Iran mitten in eine Phase diplomatischer Hoffnung fiel. Dieses Muster der Unzuverl\u00e4ssigkeit ziehe sich von den Minsk-Abkommen (die laut Merkel nur zum Zeit schinden dienten, um die Ukraine aufzur\u00fcsten) bis heute durch.<\/p>\n<p>\n                 _e(&#8218;Werbung&#8216;, &#8218;weltwoche&#8216;); ?&gt;\n            <\/p>\n<p>Gabriele Krone-Schmalz fordert die R\u00fcckkehr zur Realpolitik und zum echten Dialog. Wer das V\u00f6lkerrecht nur dann bem\u00fcht, wenn es gegen den Feind geht, hat es bereits abgeschafft. Europa m\u00fcsse aufh\u00f6ren, sich in moralischer Selbstgerechtigkeit zu verlieren, w\u00e4hrend die Weltlage gef\u00e4hrlicher ist als zu Zeiten der Kuba-Krise.<\/p>\n<p>Das ausf\u00fchrliche Video-Interview finden Sie hier:<\/p>\n<p><img decoding=\"async\" data-spai-excluded=\"true\" class=\"epyt-facade-poster skip-lazy\" loading=\"lazy\" alt=\"YouTube player\" src=\"https:\/\/www.europesays.com\/de\/wp-content\/uploads\/2026\/03\/1773063558_339_maxresdefault.jpg\"\/><\/p>\n","protected":false},"excerpt":{"rendered":"W\u00e4hrend die westliche Staatengemeinschaft sich gerne im Glanz ihrer \u00abregelbasierten Ordnung\u00bb sonnt, legt die erfahrene Publizistin und ehemalige&hellip;\n","protected":false},"author":2,"featured_media":855152,"comment_status":"","ping_status":"","sticky":false,"template":"","format":"standard","meta":{"footnotes":"","_share_on_mastodon":"0"},"categories":[4013],"tags":[331,332,508,86612,96216,13,984,345,1229,62,14,15,16,4043,4044,850,307,12,65260],"class_list":["post-855151","post","type-post","status-publish","format-standard","has-post-thumbnail","category-russland","tag-aktuelle-nachrichten","tag-aktuelle-news","tag-diplomatie","tag-doppelmoral","tag-glaubwuerdigkeit","tag-headlines","tag-international","tag-iran","tag-kritik","tag-medien","tag-nachrichten","tag-news","tag-politik","tag-russia","tag-russian-federation","tag-russische-foederation","tag-russland","tag-schlagzeilen","tag-voelkerrecht"],"share_on_mastodon":{"url":"https:\/\/pubeurope.com\/@de\/116199500575015768","error":""},"_links":{"self":[{"href":"https:\/\/www.europesays.com\/de\/wp-json\/wp\/v2\/posts\/855151","targetHints":{"allow":["GET"]}}],"collection":[{"href":"https:\/\/www.europesays.com\/de\/wp-json\/wp\/v2\/posts"}],"about":[{"href":"https:\/\/www.europesays.com\/de\/wp-json\/wp\/v2\/types\/post"}],"author":[{"embeddable":true,"href":"https:\/\/www.europesays.com\/de\/wp-json\/wp\/v2\/users\/2"}],"replies":[{"embeddable":true,"href":"https:\/\/www.europesays.com\/de\/wp-json\/wp\/v2\/comments?post=855151"}],"version-history":[{"count":0,"href":"https:\/\/www.europesays.com\/de\/wp-json\/wp\/v2\/posts\/855151\/revisions"}],"wp:featuredmedia":[{"embeddable":true,"href":"https:\/\/www.europesays.com\/de\/wp-json\/wp\/v2\/media\/855152"}],"wp:attachment":[{"href":"https:\/\/www.europesays.com\/de\/wp-json\/wp\/v2\/media?parent=855151"}],"wp:term":[{"taxonomy":"category","embeddable":true,"href":"https:\/\/www.europesays.com\/de\/wp-json\/wp\/v2\/categories?post=855151"},{"taxonomy":"post_tag","embeddable":true,"href":"https:\/\/www.europesays.com\/de\/wp-json\/wp\/v2\/tags?post=855151"}],"curies":[{"name":"wp","href":"https:\/\/api.w.org\/{rel}","templated":true}]}}