{"id":855191,"date":"2026-03-09T14:00:17","date_gmt":"2026-03-09T14:00:17","guid":{"rendered":"https:\/\/www.europesays.com\/de\/855191\/"},"modified":"2026-03-09T14:00:17","modified_gmt":"2026-03-09T14:00:17","slug":"rb-leipzig-raum-auf-der-union-tribuene-rose-co-geideck-nach-wolfsburg-sport","status":"publish","type":"post","link":"https:\/\/www.europesays.com\/de\/855191\/","title":{"rendered":"RB Leipzig: Raum auf der Union-Trib\u00fcne, Rose-Co Geideck nach Wolfsburg | Sport"},"content":{"rendered":"<p><a class=\"skip-content skip-content--link\" href=\"#in-content-skip-link-target-v-0-0\">TTS-Player \u00fcberspringen\u21b5<\/a><a id=\"in-content-skip-link-target-v-0-0\" class=\"skip-content--target-link-hidden skip-content skip-content--target-link\" href=\"#in-content-skip-link-target-v-0-0\">Artikel weiterlesen<\/a><\/p>\n<p>BERLIN \u2013 <b>Freier Sonntagnachmittag \u2013 aber nicht f\u00fcr ihn! Denn David Raum (27), Kapit\u00e4n von Bundesligist RB Leipzig, war da kurzerhand als Spion unterwegs.<\/b><\/p>\n<p>Beinah unerkannt mit Basecap und Kapuze sa\u00df er auf der Trib\u00fcne beim Spiel Union Berlin gegen Werder Bremen (1:4). Spannend, weil RB demn\u00e4chst noch gegen beide Teams ran muss \u2013 Ostersamstag gegen Bremen (4. April) und Ende April gegen Union (25. April).<\/p>\n<p>Raum machte sich so schon live ein Bild beider Gegner. Der Kapit\u00e4n geht im Kampf um die Champions League auch abseits des Platzes voran.<\/p>\n<p>Mehr zum Thema<\/p>\n<p>Der heutige Montag und der morgige Dienstag sind bei RB Leipzig frei, dann beginnt die Vorbereitung auf das Topspiel Sonntag in Stuttgart (19.30 Uhr). Beide Mannschaften haben 47 Punkte auf dem Konto, RB ist nur im Torverh\u00e4ltnis schlechter.<\/p>\n<p>Und Sport-Gesch\u00e4ftsf\u00fchrer Marcel Sch\u00e4fer (41) legte nach Abpfiff des 2:1 gegen Augsburg gleich den Finger in die Wunde: \u201eSo wie wir heute defensiv aufgetreten sind, wissen wir auch, dass das nicht unseren eigenen Anspr\u00fcchen gerecht wird. Wenn man jetzt mal zehn Spiele hernimmt, dann gewinnst du auf diese Weise eins. Und das hatten wir jetzt bei Augsburg.\u201c Deshalb muss gegen Stuttgart eine deutliche Steigerung her &#8230;<\/p>\n<p>Hecking schnappt sich diesen Leipzig-Trainer<\/p>\n<p>Das freut auch <a href=\"https:\/\/www.bild.de\/sport\/fussball\/rb-leipzig\/startseite-leipzig-31148870.bild.html\" class=\"text-link\" rel=\"nofollow noopener\" target=\"_blank\">RB Leipzig<\/a>: Mit Dieter Hecking (61) als neuen Cheftrainer will der <a href=\"https:\/\/www.bild.de\/sport\/fussball\/bundesliga-macht-der-vfl-wolfsburg-einen-meister-keeper-zum-boss-69ad6e66161cd9d527cd8844\" class=\"text-link\" rel=\"nofollow noopener\" target=\"_blank\">VfL Wolfsburg<\/a> die Mission Bundesliga-Klassenerhalt angehen. Und der erfahrene Coach hat sich daf\u00fcr Verst\u00e4rkung ins Boot geholt. Mit einem Ex-Leipziger.<\/p>\n<p>So wird Frank Geideck (58), der bis letzten M\u00e4rz Co-Trainer von Marco Rose (49) war, einer seiner neuen Assistenten. Beide arbeiteten einst schon in Gladbach zusammen.<\/p>\n<p>Geideck hatte in Leipzig noch \u2013 wie auch Rose \u2013 Vertrag bis 30. Juni und war nach seiner Freistellung normal weiterbezahlt worden. Am heutigen Montag wurde das Arbeitspapier aufgel\u00f6st. RB spart sich so noch mal rund drei Monatsgeh\u00e4lter.<\/p>\n","protected":false},"excerpt":{"rendered":"TTS-Player \u00fcberspringen\u21b5Artikel weiterlesen BERLIN \u2013 Freier Sonntagnachmittag \u2013 aber nicht f\u00fcr ihn! Denn David Raum (27), Kapit\u00e4n von&hellip;\n","protected":false},"author":2,"featured_media":855192,"comment_status":"","ping_status":"","sticky":false,"template":"","format":"standard","meta":{"footnotes":"","_share_on_mastodon":"0"},"categories":[1824],"tags":[297,2420,3364,1260,29,538,347,189866,30,17897,1655,5425,3555,3460,4581,45,537],"class_list":["post-855191","post","type-post","status-publish","format-standard","has-post-thumbnail","category-bremen","tag-1-fc-union-berlin","tag-bremen","tag-de","tag-deutsche-nationalmannschaft","tag-deutschland","tag-erste-bundesliga","tag-fussball","tag-geideck-frank","tag-germany","tag-hecking-dieter","tag-rb-leipzig","tag-rose-marco","tag-spionage","tag-sport-leuchtturm-leipzig","tag-sport-tag-im-ticker","tag-texttospeech","tag-werder-bremen"],"share_on_mastodon":{"url":"https:\/\/pubeurope.com\/@de\/116199583226670059","error":""},"_links":{"self":[{"href":"https:\/\/www.europesays.com\/de\/wp-json\/wp\/v2\/posts\/855191","targetHints":{"allow":["GET"]}}],"collection":[{"href":"https:\/\/www.europesays.com\/de\/wp-json\/wp\/v2\/posts"}],"about":[{"href":"https:\/\/www.europesays.com\/de\/wp-json\/wp\/v2\/types\/post"}],"author":[{"embeddable":true,"href":"https:\/\/www.europesays.com\/de\/wp-json\/wp\/v2\/users\/2"}],"replies":[{"embeddable":true,"href":"https:\/\/www.europesays.com\/de\/wp-json\/wp\/v2\/comments?post=855191"}],"version-history":[{"count":0,"href":"https:\/\/www.europesays.com\/de\/wp-json\/wp\/v2\/posts\/855191\/revisions"}],"wp:featuredmedia":[{"embeddable":true,"href":"https:\/\/www.europesays.com\/de\/wp-json\/wp\/v2\/media\/855192"}],"wp:attachment":[{"href":"https:\/\/www.europesays.com\/de\/wp-json\/wp\/v2\/media?parent=855191"}],"wp:term":[{"taxonomy":"category","embeddable":true,"href":"https:\/\/www.europesays.com\/de\/wp-json\/wp\/v2\/categories?post=855191"},{"taxonomy":"post_tag","embeddable":true,"href":"https:\/\/www.europesays.com\/de\/wp-json\/wp\/v2\/tags?post=855191"}],"curies":[{"name":"wp","href":"https:\/\/api.w.org\/{rel}","templated":true}]}}