{"id":855210,"date":"2026-03-09T14:09:16","date_gmt":"2026-03-09T14:09:16","guid":{"rendered":"https:\/\/www.europesays.com\/de\/855210\/"},"modified":"2026-03-09T14:09:16","modified_gmt":"2026-03-09T14:09:16","slug":"quatuor-ebene-in-stuttgart-konzert-der-superlative-kultur","status":"publish","type":"post","link":"https:\/\/www.europesays.com\/de\/855210\/","title":{"rendered":"Quatuor \u00c9b\u00e8ne in Stuttgart: Konzert der Superlative &#8211; Kultur"},"content":{"rendered":"<p>\t\t\t\t\t\t\t\t\t\t\t\t\t\t\t\t\t\t\t\t\t\t\t\t\t\t\t\t\t\t\t\t\t\t\t\t   \t\t\t\t\t \t\t\t\t   \t      \t\t\t\t   <img decoding=\"async\" id=\"article-image\" fetchpriority=\"high\" alt=\"Quatuor \u00c9b\u00e8ne in Stuttgart: Konzert der Superlative\" title=\"Quatuor \u00c9b\u00e8ne in Stuttgart: Konzert der Superlative\" src=\"https:\/\/www.europesays.com\/de\/wp-content\/uploads\/2026\/03\/media.media.d3ca13e9-4f71-4bab-b2bb-5f6dabb9146f.original700.jpg\" data-linkto=\"https:\/\/www.krzbb.de\/javascript:void(0);\"\/>\t\t\t\t\t\t\t\t\t\t\t\t\t\t\t\t\t\t\t\t\t\t\t\tDas Quatuor \u00c9b\u00e8ne\u00a0Foto: Julien Mignot\t\t\t<\/p>\n<p>Das Quatuor \u00c9b\u00e8ne hat im Kammermusik-Zyklus der SKS Russ im Mozartsaal in Stuttgart gespielt \u2013 und mit seiner Leistung das Publikum begeistert.<\/p>\n<p>Ihr Fanclub war anwesend \u2013 das merkte man schon beim Applaus, der den Musikern des Streichquartetts Quatuor \u00c9b\u00e8ne beim Betreten der B\u00fchne entgegenbrandete. Die Franzosen, deren Bratschistin Marie Chilemme an diesem Abend durch H\u00e9l\u00e8ne Cl\u00e9ment nahtlos ersetzt wurde, haben sich ihr Stammpublikum durch ihr mitrei\u00dfendes Spiel in den letzten Jahren regelrecht herangezogen: <a href=\"https:\/\/www.krzbb.de\/inhalt.starkes-streichquartett-wie-machen-die-das.35b85f21-7f65-49ea-83df-a7fb2f13fdec.html\" target=\"_blank\" rel=\"nofollow noopener\">Ihre Konzerte sind in der Regel au\u00dfergew\u00f6hnliche Ereignisse<\/a>, und das war auch bei ihrem <a href=\"https:\/\/www.krzbb.de\/thema\/Konzert\" title=\"Konzert\" class=\"art_thema\" rel=\"nofollow noopener\" target=\"_blank\">Konzert<\/a> im Mozartsaal wieder der Fall.<\/p>\n<p>Steigerung in mehrfacher Hinsicht <\/p>\n<p>Die Beethovenquartette haben sie nach der CD-Ver\u00f6ffentlichung vor sechs Jahren mehrfach komplett aufgef\u00fchrt. An diesem Abend spielten sie eine Auswahl daraus: mit dem fr\u00fchen Quartett G-Dur op. 18\/2, dem letzten Streichquartett F-Dur op. 135 und dem monumentalen cis-Moll- Siebens\u00e4tzer op. 131 nach der Pause. Es war eine Dramaturgie der Steigerung in mehrfacher Hinsicht: was Dauer und Komplexit\u00e4t, vor allem aber was spirituelle Tiefe anbelangt. <\/p>\n<p>Im G-Dur Quartett betont das Quatuor \u00c9b\u00e8ne den eleganten, spielerischen Charakter. Extrem fein in Artikulation und Phrasengestaltung, und im Scherzo schl\u00e4gt auch Beethovens b\u00e4rbei\u00dfiger Humor immer wieder durch. <\/p>\n<p>Genauso ber\u00fcckend ist die kontemplative Innigkeit, mit der die Franzosen die langsamen S\u00e4tze gestalten. Im Adagio cantabile von op. 18\/2, aber dann auch im Lento assai von op. 135, wo sie das dynamische Spektrum bis an die Grenze ausreizen. Ausdrucksmittel wie Vibrato setzen sie dezidiert ein und offenbaren dabei ein klangliches Spektrum, das von goldenem Glanz bis zu aufgerauter Herbheit alle Facetten umfasst. <\/p>\n<p>Ein Konzert der Superlative, bis zum triumphalen Abschluss mit op. 131: Das Quartett spielt es als gro\u00dfe, zusammenh\u00e4ngende Erz\u00e4hlung in sieben Kapiteln, in denen Beethoven sein Lebenswerk noch einmal kompositorisch zusammenfasst. Dem war nichts hinzuzuf\u00fcgen. <\/p>\n","protected":false},"excerpt":{"rendered":"Das Quatuor \u00c9b\u00e8ne\u00a0Foto: Julien Mignot Das Quatuor \u00c9b\u00e8ne hat im Kammermusik-Zyklus der SKS Russ im Mozartsaal in Stuttgart&hellip;\n","protected":false},"author":2,"featured_media":855211,"comment_status":"","ping_status":"","sticky":false,"template":"","format":"standard","meta":{"footnotes":"","_share_on_mastodon":"0"},"categories":[1830],"tags":[1634,11282,3364,29,30,1310,80,14210,164351,62379,39490,1441],"class_list":["post-855210","post","type-post","status-publish","format-standard","has-post-thumbnail","category-stuttgart","tag-baden-wuerttemberg","tag-beethoven","tag-de","tag-deutschland","tag-germany","tag-konzert","tag-kultur","tag-mozartsaal","tag-quatuor-ebene","tag-russ","tag-streichquartett","tag-stuttgart"],"share_on_mastodon":{"url":"https:\/\/pubeurope.com\/@de\/116199618670899864","error":""},"_links":{"self":[{"href":"https:\/\/www.europesays.com\/de\/wp-json\/wp\/v2\/posts\/855210","targetHints":{"allow":["GET"]}}],"collection":[{"href":"https:\/\/www.europesays.com\/de\/wp-json\/wp\/v2\/posts"}],"about":[{"href":"https:\/\/www.europesays.com\/de\/wp-json\/wp\/v2\/types\/post"}],"author":[{"embeddable":true,"href":"https:\/\/www.europesays.com\/de\/wp-json\/wp\/v2\/users\/2"}],"replies":[{"embeddable":true,"href":"https:\/\/www.europesays.com\/de\/wp-json\/wp\/v2\/comments?post=855210"}],"version-history":[{"count":0,"href":"https:\/\/www.europesays.com\/de\/wp-json\/wp\/v2\/posts\/855210\/revisions"}],"wp:featuredmedia":[{"embeddable":true,"href":"https:\/\/www.europesays.com\/de\/wp-json\/wp\/v2\/media\/855211"}],"wp:attachment":[{"href":"https:\/\/www.europesays.com\/de\/wp-json\/wp\/v2\/media?parent=855210"}],"wp:term":[{"taxonomy":"category","embeddable":true,"href":"https:\/\/www.europesays.com\/de\/wp-json\/wp\/v2\/categories?post=855210"},{"taxonomy":"post_tag","embeddable":true,"href":"https:\/\/www.europesays.com\/de\/wp-json\/wp\/v2\/tags?post=855210"}],"curies":[{"name":"wp","href":"https:\/\/api.w.org\/{rel}","templated":true}]}}