{"id":855336,"date":"2026-03-09T15:17:16","date_gmt":"2026-03-09T15:17:16","guid":{"rendered":"https:\/\/www.europesays.com\/de\/855336\/"},"modified":"2026-03-09T15:17:16","modified_gmt":"2026-03-09T15:17:16","slug":"gruna-und-leuben-zu-fuss-neu-entdecken-dawo","status":"publish","type":"post","link":"https:\/\/www.europesays.com\/de\/855336\/","title":{"rendered":"Gruna und Leuben zu Fu\u00df (neu) entdecken &#8211; DAWO!"},"content":{"rendered":"<p><img decoding=\"async\" src=\"https:\/\/www.europesays.com\/de\/wp-content\/uploads\/2026\/03\/Gruna_Brunnen_LHD-678x381.jpg\" alt=\"Gruna\" title=\"Gruna_Brunnen_LHD\" class=\"lazyload\" style=\"--smush-placeholder-width: 678px; --smush-placeholder-aspect-ratio: 678\/381;\"\/><br \/>\nWasserspiel in Gruna Foto: LHD<\/p>\n<p><strong>F\u00fcr die Gesundheit z\u00e4hlt jeder Schritt. Wie passend, dass es in Gruna und Leuben ab jetzt zwei neue Rundwege gibt, die zum Laufen an der frischen Luft einladen.<\/strong><\/p>\n<p>Am <strong>20. M\u00e4rz <\/strong>wird zun\u00e4chst der <strong>Rundweg durch Gruna<\/strong> eingeweiht. Unter dem Motto \u201eErleben Sie Gruna \u2013 Ort in der gr\u00fcnen Aue\u201c laden Gesundheitsb\u00fcrgermeisterin Dr. Kristin Klaudia Kaufmann und Stadtbezirksamtsleiter Christian Barth zur ersten Tour ein. Treffpunkt ist 14.30 Uhr an der Begegnungsst\u00e4tte \u201efidelio\u201c, Papstdorfer Stra\u00dfe 25. F\u00fcr Teilnehmer mit Rollator oder Rollstuhl m\u00fcssen aufgrund mangelnder Barrierefreiheit die Stationen \u201eParkour-Anlage\u201c und \u201eHepkeplatz\u201c leider ausgelassen und wegen einer aktuellen Baustelle die Tour etwas abgek\u00fcrzt werden.<\/p>\n<p><img fetchpriority=\"high\" decoding=\"async\" width=\"719\" height=\"679\" src=\"https:\/\/www.europesays.com\/de\/wp-content\/uploads\/2026\/03\/Leuben_Rathaus_LHD.jpg\" alt=\"Leuben\" class=\"wp-image-127521\"  \/>Rathaus in Leuben Foto: LHD<\/p>\n<p>Der zweite <strong>Rundgang durch Leuben <\/strong>findet am <strong>1. April<\/strong> statt. Auf den Tag genau 105 Jahre zuvor war Leuben nach Dresden eingemeindet worden. Dr. Kristin Klaudia Kaufmann und Stadtbezirksamtsleiter J\u00f6rg L\u00e4mmerhirt er\u00f6ffnen diesen Stadtteilspaziergang um 16.30 Uhr, Treffpunkt ist vor der Gr\u00fcnfl\u00e4che der Himmelfahrtskirche Leuben, Altleuben 13. F\u00fcr Teilnehmer mit Rollstuhl ist die Route gut nutzbar, mit Ausnahme einer Station, die ausgelassen werden kann.<\/p>\n<p>Zwei neue Brosch\u00fcren als Wegbegleiter<\/p>\n<p>Als Wegweiser f\u00fcr die neuen Rundwege sind zwei neue Brosch\u00fcren im handlichen A5-Format erschienen. Eine detaillierte Karte, Fotos und kurze Erl\u00e4uterungen zu Sehensw\u00fcrdigkeiten erleichtern die Orientierung und wecken die Entdeckerlust.<\/p>\n<p>Insgesamt gibt es Stadtteilspazierg\u00e4nge jetzt in 15 Dresdner Stadtteilen. Jeder Spaziergang bietet zwischen neun und zwanzig Stationen.Jede Runde ist etwa f\u00fcnf Kilometer lang. Daf\u00fcr ben\u00f6tigt man je nach Fitness eine Stunde bis zwei Stunden. Geeignet sind die Rundg\u00e4nge f\u00fcr jede Altersgruppe. Allerdings sind nicht alle Strecken barrierefrei.<\/p>\n<p>Gedruckte Exemplare f\u00fcr die beiden neuen Stadtteilspazierg\u00e4nge gibt es f\u00fcr alle Teilnehmer am 20. M\u00e4rz und 1. April kostenfrei vor Ort. Erh\u00e4ltlich sind sie au\u00dferdem in den Stadtbezirks- und B\u00fcrger\u00e4mtern, in den Stadtteilbibliotheken sowie in Beratungs- und Begegnungsst\u00e4tten. Neben den neuen Brosch\u00fcren wurde jetzt auch das Pieschen-Heft nachgedruckt und aktualisiert und erscheint jetzt schon in der 6. Auflage. F\u00fcr Gro\u00df- und Kleinluga erschien die zweite aktualisierte Auflage. Finanziert werden die Brosch\u00fcren der Reihe \u201eBewegung im Stadtteil\u201c von den Stadtbezirks\u00e4mtern und dem Freistaat Sachsen.<\/p>\n<p><strong>Anmeldung: F\u00fcr die Route am 20. M\u00e4rz bis 13. M\u00e4rz, f\u00fcr die Tour am 1. April bis  25. M\u00e4rz per E-Mail an <a href=\"https:\/\/dawo-dresden.de\/2026\/03\/09\/gruna-und-leuben-zu-fuss-neu-entdecken\/mailto:gesundestadt@dresden.de\" rel=\"nofollow noopener\" target=\"_blank\">gesundestadt@dresden.de<\/a>. Wichtig: Bitte Vor- und Nachnamen und etwaige Mobilit\u00e4tseinschr\u00e4nkung \u2013 zum Beispiel Rollator \u2013 angeben.<\/strong><\/p>\n<p>&#13;<br \/>\n\t\t\t\t Post Views: 41&#13;\n\t\t\t<\/p>\n","protected":false},"excerpt":{"rendered":"Wasserspiel in Gruna Foto: LHD F\u00fcr die Gesundheit z\u00e4hlt jeder Schritt. Wie passend, dass es in Gruna und&hellip;\n","protected":false},"author":2,"featured_media":855337,"comment_status":"","ping_status":"","sticky":false,"template":"","format":"standard","meta":{"footnotes":"","_share_on_mastodon":"0"},"categories":[1835],"tags":[3364,29,2386,30,189888,19478,859,187030],"class_list":["post-855336","post","type-post","status-publish","format-standard","has-post-thumbnail","category-dresden","tag-de","tag-deutschland","tag-dresden","tag-germany","tag-gruna","tag-leuben","tag-sachsen","tag-stadtteilspaziergang"],"share_on_mastodon":{"url":"https:\/\/pubeurope.com\/@de\/116199886024013019","error":""},"_links":{"self":[{"href":"https:\/\/www.europesays.com\/de\/wp-json\/wp\/v2\/posts\/855336","targetHints":{"allow":["GET"]}}],"collection":[{"href":"https:\/\/www.europesays.com\/de\/wp-json\/wp\/v2\/posts"}],"about":[{"href":"https:\/\/www.europesays.com\/de\/wp-json\/wp\/v2\/types\/post"}],"author":[{"embeddable":true,"href":"https:\/\/www.europesays.com\/de\/wp-json\/wp\/v2\/users\/2"}],"replies":[{"embeddable":true,"href":"https:\/\/www.europesays.com\/de\/wp-json\/wp\/v2\/comments?post=855336"}],"version-history":[{"count":0,"href":"https:\/\/www.europesays.com\/de\/wp-json\/wp\/v2\/posts\/855336\/revisions"}],"wp:featuredmedia":[{"embeddable":true,"href":"https:\/\/www.europesays.com\/de\/wp-json\/wp\/v2\/media\/855337"}],"wp:attachment":[{"href":"https:\/\/www.europesays.com\/de\/wp-json\/wp\/v2\/media?parent=855336"}],"wp:term":[{"taxonomy":"category","embeddable":true,"href":"https:\/\/www.europesays.com\/de\/wp-json\/wp\/v2\/categories?post=855336"},{"taxonomy":"post_tag","embeddable":true,"href":"https:\/\/www.europesays.com\/de\/wp-json\/wp\/v2\/tags?post=855336"}],"curies":[{"name":"wp","href":"https:\/\/api.w.org\/{rel}","templated":true}]}}