{"id":855387,"date":"2026-03-09T15:44:14","date_gmt":"2026-03-09T15:44:14","guid":{"rendered":"https:\/\/www.europesays.com\/de\/855387\/"},"modified":"2026-03-09T15:44:14","modified_gmt":"2026-03-09T15:44:14","slug":"berlin-eskalation-vor-gerichtsgebaeude-20-personen-gehen-aufeinander-los","status":"publish","type":"post","link":"https:\/\/www.europesays.com\/de\/855387\/","title":{"rendered":"Berlin: Eskalation vor Gerichtsgeb\u00e4ude \u2013 20 Personen gehen aufeinander los"},"content":{"rendered":"<p>Im Gericht in Berlin-Moabit geht es um eine brutale Tat vor vielen Jahren nach einem Fest. Offensichtlich schwelt der Streit bis heute. Als die Situation erneut eskaliert, sind Justiz- und Polizeibeamte gefordert.<\/p>\n<p class=\"is-first-paragraph\" data-external=\"Article.FirstParagraph\">Ein gewaltvoller Streit am Rande eines Prozesses hat einen Alarm im Berliner <a class=\"is-link c-block-items__link c-link--rich-text-renderer\" href=\"https:\/\/www.welt.de\/politik\/deutschland\/article69a93e7d79ec6de0dad41e5c\/urteil-in-berlin-messerangriff-am-holocaust-mahnmal-is-anhaenger-zu-13-jahren-haft-verurteilt.html\" data-internal-tracking-enabled=\"true\" data-internal-tracking=\"{&quot;action&quot;:&quot;click&quot;,&quot;label&quot;:&quot;link&quot;,&quot;name&quot;:&quot;Inline Element&quot;,&quot;data&quot;:{&quot;source&quot;:&quot;&quot;,&quot;target&quot;:&quot;https:\/\/www.welt.de\/politik\/deutschland\/article69a93e7d79ec6de0dad41e5c\/urteil-in-berlin-messerangriff-am-holocaust-mahnmal-is-anhaenger-zu-13-jahren-haft-verurteilt.html&quot;,&quot;trackingName&quot;:&quot;&quot;,&quot;trackingLabel&quot;:&quot;&quot;}}\" rel=\"nofollow noopener\" target=\"_blank\">Kriminalgericht Moabit<\/a> und einen gr\u00f6\u00dferen Polizeieinsatz ausgel\u00f6st. Etwa 20 Menschen sind vor dem Geb\u00e4ude aufeinander losgegangen, wie ein Sprecher der Polizei mitteilte. Sieben Beteiligte wurden demnach leicht verletzt. <\/p>\n<p>Beim Notruf hie\u00df es laut Polizei, ein Messer sei im Einsatz. Vor Ort sei dies allerdings nicht aufgefunden worden, so der Sprecher. Sieben Menschen wurden festgenommen, zwei kamen nach Angaben des Sprechers zur Gefangenensammelstelle.<\/p>\n<p>Prozesse unterbrochen wegen Alarm<\/p>\n<p>Im Kriminalgericht schrillte der Alarm, Justizwachtmeister eilten heran. Wie eine Gerichtssprecherin sagte, wurde das Haus f\u00fcr die \u00d6ffentlichkeit geschlossen und Prozesse wurden unterbrochen. Die Auseinandersetzung selbst spielte sich laut Polizei aber vor dem Geb\u00e4ude ab \u2013 allerdings im Eingangsbereich. <\/p>\n<p>Hintergrund des gewaltvollen Streits war nach Angaben von Polizei und Gericht offensichtlich eine Berufungsverhandlung im Saal 820. Zwei 39 und 37 Jahre alte M\u00e4nner waren 2017 verurteilt worden zu Haftstrafen von dreieinhalb und drei Jahren wegen gef\u00e4hrlicher und schwerer K\u00f6rperverletzung.<\/p>\n<p>Die Br\u00fcder wollten in zweiter Instanz ein milderes Urteil erreichen \u2013 was ihnen letztlich auch gelang. Die M\u00e4nner haben nach Gerichtsangaben laut Urteil einer Frau einen Daumen mit einem Messer abgeschnitten.<\/p>\n<p>In einer Pause der Verhandlung soll es laut Polizei vor dem Gerichtsgeb\u00e4ude zwischen Beteiligten eskaliert sein. Ob die Angeklagten beteiligt waren, war zun\u00e4chst nicht bekannt.<\/p>\n<p>Die Polizei blieb l\u00e4ngere Zeit vor Ort, um weitere Auseinandersetzungen zu verhindern. Am sp\u00e4ten Mittag war der Prozess beendet. Die Strafen f\u00fcr die Br\u00fcder wurden laut Gerichtssprecherin reduziert auf Bew\u00e4hrungsstrafen von einem Jahr und elf Monaten sowie einem Jahr und acht Monaten.<\/p>\n<p>dpa\/saha<\/p>\n","protected":false},"excerpt":{"rendered":"Im Gericht in Berlin-Moabit geht es um eine brutale Tat vor vielen Jahren nach einem Fest. Offensichtlich schwelt&hellip;\n","protected":false},"author":2,"featured_media":855388,"comment_status":"","ping_status":"","sticky":false,"template":"","format":"standard","meta":{"footnotes":"","_share_on_mastodon":"0"},"categories":[1825],"tags":[15323,296,29,1993,30,2293,110,66024],"class_list":["post-855387","post","type-post","status-publish","format-standard","has-post-thumbnail","category-berlin","tag-balken-inbox","tag-berlin","tag-deutschland","tag-gerichte","tag-germany","tag-moabit","tag-newsteam","tag-schlaegereien-ks"],"share_on_mastodon":{"url":"https:\/\/pubeurope.com\/@de\/116199992334886369","error":""},"_links":{"self":[{"href":"https:\/\/www.europesays.com\/de\/wp-json\/wp\/v2\/posts\/855387","targetHints":{"allow":["GET"]}}],"collection":[{"href":"https:\/\/www.europesays.com\/de\/wp-json\/wp\/v2\/posts"}],"about":[{"href":"https:\/\/www.europesays.com\/de\/wp-json\/wp\/v2\/types\/post"}],"author":[{"embeddable":true,"href":"https:\/\/www.europesays.com\/de\/wp-json\/wp\/v2\/users\/2"}],"replies":[{"embeddable":true,"href":"https:\/\/www.europesays.com\/de\/wp-json\/wp\/v2\/comments?post=855387"}],"version-history":[{"count":0,"href":"https:\/\/www.europesays.com\/de\/wp-json\/wp\/v2\/posts\/855387\/revisions"}],"wp:featuredmedia":[{"embeddable":true,"href":"https:\/\/www.europesays.com\/de\/wp-json\/wp\/v2\/media\/855388"}],"wp:attachment":[{"href":"https:\/\/www.europesays.com\/de\/wp-json\/wp\/v2\/media?parent=855387"}],"wp:term":[{"taxonomy":"category","embeddable":true,"href":"https:\/\/www.europesays.com\/de\/wp-json\/wp\/v2\/categories?post=855387"},{"taxonomy":"post_tag","embeddable":true,"href":"https:\/\/www.europesays.com\/de\/wp-json\/wp\/v2\/tags?post=855387"}],"curies":[{"name":"wp","href":"https:\/\/api.w.org\/{rel}","templated":true}]}}