{"id":855422,"date":"2026-03-09T16:04:17","date_gmt":"2026-03-09T16:04:17","guid":{"rendered":"https:\/\/www.europesays.com\/de\/855422\/"},"modified":"2026-03-09T16:04:17","modified_gmt":"2026-03-09T16:04:17","slug":"spd-fraktion-fordert-einrichtung-eines-seniorenbeirates","status":"publish","type":"post","link":"https:\/\/www.europesays.com\/de\/855422\/","title":{"rendered":"SPD-Fraktion fordert Einrichtung eines Seniorenbeirates"},"content":{"rendered":"<p class=\"text_ohne_einzug richtext text-em-55 !leading-serif mx-6 desktop:mx-0\"> Die SPD-Fraktion im Rat der Stadt <a href=\"https:\/\/rp-online.de\/thema\/viersen\/\" rel=\"nofollow noopener\" target=\"_blank\">Viersen<\/a> m\u00f6chte das Recht auf Mitbestimmung und auf Teilhabe von \u00e4lteren Menschen verst\u00e4rken. Mit einem aktuellen Antrag fordert sie nun die Einrichtung eines Seniorenbeirates als beratendes Gremium der Stadt. Das teilte die Fraktion jetzt mit.<\/p>\n<p class=\"richtext text-em-55 !leading-serif mx-6 desktop:mx-0\">Angesichts des demografischen Wandels und der wachsenden Zahl \u00e4lterer B\u00fcrgerinnen und B\u00fcrger sehe die SPD-Fraktion hierin einen wichtigen Schritt, um die Interessen der Seniorinnen und Senioren st\u00e4rker in politische Entscheidungsprozesse einzubinden, hei\u00dft es dazu seitens der SPD. \u201e\u00c4ltere Menschen verf\u00fcgen \u00fcber einen gro\u00dfen Erfahrungsschatz und engagieren sich in vielf\u00e4ltiger Weise f\u00fcr unsere Gesellschaft. Es ist nur folgerichtig, ihnen auch eine institutionelle Stimme in der Kommunalpolitik zu geben\u201c, erkl\u00e4rt der SPD-Fraktionsvorsitzende Manuel Garc\u00eda Limia.<\/p>\n<p class=\"richtext text-em-55 !leading-serif mx-6 desktop:mx-0\">Der angedachte Seniorenbeirat solle k\u00fcnftig als Bindeglied zwischen \u00e4lteren B\u00fcrgerinnen und B\u00fcrgern, Politik, Verwaltung, Verb\u00e4nden und sozialen Tr\u00e4gern wirken. Zudem solle er die M\u00f6glichkeit erhalten, Stellungnahmen zu politischen Vorlagen abzugeben und eigene Impulse f\u00fcr eine seniorengerechte Stadtentwicklung einzubringen, so die SPD.<\/p>\n<p class=\"richtext text-em-55 !leading-serif mx-6 desktop:mx-0\">Auch die sachkundige B\u00fcrgerin Melanie Pascher unterstreicht die Bedeutung des Vorhabens: \u201eViele St\u00e4dte in Nordrhein-Westfalen haben bereits sehr gute Erfahrungen mit Seniorenbeir\u00e4ten gemacht. Sie st\u00e4rken die demokratische Teilhabe \u00e4lterer Menschen und helfen dabei, kommunale Entscheidungen st\u00e4rker an den tats\u00e4chlichen Bed\u00fcrfnissen der Seniorinnen und Senioren auszurichten.\u201c<\/p>\n<p class=\"richtext text-em-55 !leading-serif mx-6 desktop:mx-0\">Die SPD-Fraktion verweist dabei auch auf erfolgreiche Beispiele in der Region, etwa in der Nachbarstadt M\u00f6nchengladbach, wo ein Seniorenbeirat bereits seit Jahren aktiv an der kommunalen Entwicklung mitwirkt. \u201eUnser Ziel ist ein lebenswertes, solidarisches und generationengerechtes Viersen. Die Einrichtung eines Seniorenbeirates ist daf\u00fcr ein wichtiger Baustein\u201c, so Melanie Pascher.<\/p>\n<p class=\"richtext text-em-55 !leading-serif mx-6 desktop:mx-0\">Geht es nach der SPD, soll die Verwaltung nun beauftragt werden, zeitnah ein Konzept f\u00fcr die Einrichtung und Arbeitsweise eines solchen Gremiums zu erarbeiten.<\/p>\n","protected":false},"excerpt":{"rendered":"Die SPD-Fraktion im Rat der Stadt Viersen m\u00f6chte das Recht auf Mitbestimmung und auf Teilhabe von \u00e4lteren Menschen&hellip;\n","protected":false},"author":2,"featured_media":855423,"comment_status":"","ping_status":"","sticky":false,"template":"","format":"standard","meta":{"footnotes":"","_share_on_mastodon":"0"},"categories":[1849],"tags":[53050,12612,58795,29849,3364,29,23518,548,663,3934,17015,47197,30,13,4455,14,15,1209,12,6583,44556,189936,189935,189937,184,7556,18183,25145],"class_list":["post-855422","post","type-post","status-publish","format-standard","has-post-thumbnail","category-moenchengladbach","tag-aeltere","tag-buerger","tag-buergerin","tag-buergerinnen","tag-de","tag-deutschland","tag-einrichtung","tag-eu","tag-europa","tag-europe","tag-fraktion","tag-fraktionsvorsitzende","tag-germany","tag-headlines","tag-moenchengladbach","tag-nachrichten","tag-news","tag-nordrhein-westfalen","tag-schlagzeilen","tag-senioren","tag-seniorenbeirat","tag-seniorenbeiraeten","tag-seniorenbeirates","tag-seniorengerechte","tag-spd","tag-teilhabe","tag-viersen","tag-wandel"],"share_on_mastodon":{"url":"https:\/\/pubeurope.com\/@de\/116200070644884398","error":""},"_links":{"self":[{"href":"https:\/\/www.europesays.com\/de\/wp-json\/wp\/v2\/posts\/855422","targetHints":{"allow":["GET"]}}],"collection":[{"href":"https:\/\/www.europesays.com\/de\/wp-json\/wp\/v2\/posts"}],"about":[{"href":"https:\/\/www.europesays.com\/de\/wp-json\/wp\/v2\/types\/post"}],"author":[{"embeddable":true,"href":"https:\/\/www.europesays.com\/de\/wp-json\/wp\/v2\/users\/2"}],"replies":[{"embeddable":true,"href":"https:\/\/www.europesays.com\/de\/wp-json\/wp\/v2\/comments?post=855422"}],"version-history":[{"count":0,"href":"https:\/\/www.europesays.com\/de\/wp-json\/wp\/v2\/posts\/855422\/revisions"}],"wp:featuredmedia":[{"embeddable":true,"href":"https:\/\/www.europesays.com\/de\/wp-json\/wp\/v2\/media\/855423"}],"wp:attachment":[{"href":"https:\/\/www.europesays.com\/de\/wp-json\/wp\/v2\/media?parent=855422"}],"wp:term":[{"taxonomy":"category","embeddable":true,"href":"https:\/\/www.europesays.com\/de\/wp-json\/wp\/v2\/categories?post=855422"},{"taxonomy":"post_tag","embeddable":true,"href":"https:\/\/www.europesays.com\/de\/wp-json\/wp\/v2\/tags?post=855422"}],"curies":[{"name":"wp","href":"https:\/\/api.w.org\/{rel}","templated":true}]}}