{"id":855637,"date":"2026-03-09T18:04:20","date_gmt":"2026-03-09T18:04:20","guid":{"rendered":"https:\/\/www.europesays.com\/de\/855637\/"},"modified":"2026-03-09T18:04:20","modified_gmt":"2026-03-09T18:04:20","slug":"schueler-sollen-heimlich-essen-so-redet-sich-schule-im-ramadan-streit-raus-regional","status":"publish","type":"post","link":"https:\/\/www.europesays.com\/de\/855637\/","title":{"rendered":"Sch\u00fcler sollen heimlich essen: So redet sich Schule im Ramadan-Streit raus | Regional"},"content":{"rendered":"<p><a class=\"skip-content skip-content--link\" href=\"#in-content-skip-link-target-v-0-0\">TTS-Player \u00fcberspringen\u21b5<\/a><a id=\"in-content-skip-link-target-v-0-0\" class=\"skip-content--target-link-hidden skip-content skip-content--target-link\" href=\"#in-content-skip-link-target-v-0-0\">Artikel weiterlesen<\/a><\/p>\n<p>Kleve (NRW) \u2013 <b>Der Fall sorgte am Wochenende f\u00fcr viel Aufsehen: Seit Beginn des muslimischen Fastenmonats Ramadan gibt es an der Joseph-Beuys-Gesamtschule in Kleve eine Regel, nach der Kinder sich beim Essen ihres Pausenbrots wegdrehen sollen \u2013 weil sich ihre fastenden muslimischen Klassenkameraden daran st\u00f6ren k\u00f6nnten. Jetzt hat die Schule eine Erkl\u00e4rung ver\u00f6ffentlicht \u2013 und stellt den Vorgang als Kommunikationsproblem dar.<\/b><\/p>\n<p>\u201eAktuell werden die Werte unserer Schule von verschiedenen Seiten in Frage gestellt. Dar\u00fcber wird auch in Medien berichtet\u201c, verbreitet die Joseph-Beuys-Gesamtschule Kleve\u00a0(<a href=\"https:\/\/www.bild.de\/regional\/nordrhein-westfalen\/home-npIP0qL0giWP1ZFIOHn2\" class=\"text-link\" rel=\"nofollow noopener\" target=\"_blank\">NRW<\/a>) in einem Statement auf ihrem Instagram-Kanal. \u201eWir sehen die Ursache daf\u00fcr in einer teilweise nicht ganz eindeutigen Kommunikation. Die von uns herbeigef\u00fchrte Kl\u00e4rung der Tatsachen hat keine Hinweise auf ein grunds\u00e4tzliches Problem an unserer Schule ergeben.\u201c Man werde jedoch \u201edie Hintergr\u00fcnde in den kommenden Tagen gr\u00fcndlich aufarbeiten und kl\u00e4ren\u201c. <\/p>\n<p><img decoding=\"async\" width=\"992\" height=\"558\" alt=\"Auf Presseanfrage \u00e4u\u00dferte sich die Schule nicht, ver\u00f6ffentlichte aber am Sonntag ein Statement auf ihrem Instagram-Kanal\" src=\"https:\/\/www.europesays.com\/de\/wp-content\/uploads\/2026\/03\/ef526fa919ac7b9ad6fd14616f338a7d,70fe08ea.png\"   class=\"landscape\" loading=\"lazy\"\/><\/p>\n<p class=\"fig__caption__text\">Auf Presseanfrage \u00e4u\u00dferte sich die Schule nicht, ver\u00f6ffentlichte aber am Sonntag ein Statement auf ihrem Instagram-Kanal <\/p>\n<p>Foto: jbg_kleve\/Instagram<\/p>\n<p>\u201eSchule will einfach nur ihren Ruf retten\u201c<\/p>\n<p>Kein Wort zum <a href=\"https:\/\/www.bild.de\/leben-wissen\/feste-feiertage\/ramadan-2026-was-duerfen-muslime-jetzt-essen-und-was-nicht-6418827348ca0a1cb6d2e630\" class=\"text-link\" rel=\"nofollow noopener\" target=\"_blank\">Ramadan<\/a>-Streit oder zu der Wegdreh-Regel, alles nur eine Frage der Kommunikation? Mirijam M. (43) und Stephanie B. (41), die beiden M\u00fctter, <a href=\"https:\/\/www.bild.de\/regional\/nordrhein-westfalen\/ramadan-streit-an-schule-kinder-sollen-ihr-pausenbrot-heimlich-essen-69aa95a2e8f14703486e53ed\" class=\"text-link\" rel=\"nofollow noopener\" target=\"_blank\">die den Ramadan-Streit \u00f6ffentlich gemacht haben<\/a>, sind entt\u00e4uscht. Sie sagen zu BILD: \u201eWir h\u00e4tten uns gerne einen offenen Umgang damit gew\u00fcnscht, doch das Problem wird einfach totgeschwiegen. Die Schule will einfach nur ihren Ruf retten, anstatt die Situation zu l\u00f6sen.\u201c<\/p>\n<p><img decoding=\"async\" width=\"992\" height=\"558\" alt=\"Mirijam M. (43) mit ihrer Tochter. Das M\u00e4dchen f\u00fchlt dich von den fastenden Mitsch\u00fclern gemobbt\" src=\"https:\/\/www.europesays.com\/de\/wp-content\/uploads\/2026\/03\/7cd2701483b17f61315154498dca5f15,8f08d154.jpeg\"   class=\"landscape\" loading=\"lazy\"\/><\/p>\n<p class=\"fig__caption__text\">Mirijam M. mit ihrer Tochter. Das M\u00e4dchen f\u00fchlt sich von den fastenden Mitsch\u00fclern gemobbt<\/p>\n<p>Foto: Meike Wirsel<\/p>\n<p>Mobbing-Experte: \u201eRegel ist Diskriminierung\u201c<\/p>\n<p>Mobbing-Experte Carsten Stahl, der eine der betroffenen Familien betreut, sagt zur Wegdreh-Regel: \u201eToleranz ist keine Selbstverst\u00e4ndlichkeit und keine Einbahnstra\u00dfe. Diese Regel ist eine Diskriminierung und f\u00f6rdert Mobbing von <a href=\"https:\/\/www.bild.de\/themen\/organisationen\/schule\/politik-nachrichten-news-fotos-videos-40045138.bild.html\" class=\"text-link\" rel=\"nofollow noopener\" target=\"_blank\">Sch\u00fclern<\/a>. Das kann nicht der p\u00e4dagogische Sinn dahinter sein.\u201c<\/p>\n<p>Mehr zum Thema<\/p>\n<p>Ein Vater sagte am Montagmorgen zu BILD, dass an der Joseph-Beuys-Gesamtschule \u201emehr R\u00fccksicht auf ausl\u00e4ndische Sch\u00fcler genommen wird\u201c. Das betreffe auch das Essen: \u201eMein Sohn liebt Schweineschnitzel, aber das bekommt er hier nat\u00fcrlich kaum.\u201c<\/p>\n","protected":false},"excerpt":{"rendered":"TTS-Player \u00fcberspringen\u21b5Artikel weiterlesen Kleve (NRW) \u2013 Der Fall sorgte am Wochenende f\u00fcr viel Aufsehen: Seit Beginn des muslimischen&hellip;\n","protected":false},"author":2,"featured_media":849523,"comment_status":"","ping_status":"","sticky":false,"template":"","format":"standard","meta":{"footnotes":"","_share_on_mastodon":"0"},"categories":[1834],"tags":[50323,3364,181674,29,3405,3688,111246,30,555,7738,3312,1209,3313,966,45,30644],"class_list":["post-855637","post","type-post","status-publish","format-standard","has-post-thumbnail","category-essen","tag-bildungsministerin","tag-de","tag-deep-news","tag-deutschland","tag-duesseldorf","tag-essen","tag-fasten","tag-germany","tag-islam","tag-kleve","tag-muslime","tag-nordrhein-westfalen","tag-ramadan","tag-schule","tag-texttospeech","tag-wojtuschak-uwe"],"share_on_mastodon":{"url":"https:\/\/pubeurope.com\/@de\/116200542620599487","error":""},"_links":{"self":[{"href":"https:\/\/www.europesays.com\/de\/wp-json\/wp\/v2\/posts\/855637","targetHints":{"allow":["GET"]}}],"collection":[{"href":"https:\/\/www.europesays.com\/de\/wp-json\/wp\/v2\/posts"}],"about":[{"href":"https:\/\/www.europesays.com\/de\/wp-json\/wp\/v2\/types\/post"}],"author":[{"embeddable":true,"href":"https:\/\/www.europesays.com\/de\/wp-json\/wp\/v2\/users\/2"}],"replies":[{"embeddable":true,"href":"https:\/\/www.europesays.com\/de\/wp-json\/wp\/v2\/comments?post=855637"}],"version-history":[{"count":0,"href":"https:\/\/www.europesays.com\/de\/wp-json\/wp\/v2\/posts\/855637\/revisions"}],"wp:featuredmedia":[{"embeddable":true,"href":"https:\/\/www.europesays.com\/de\/wp-json\/wp\/v2\/media\/849523"}],"wp:attachment":[{"href":"https:\/\/www.europesays.com\/de\/wp-json\/wp\/v2\/media?parent=855637"}],"wp:term":[{"taxonomy":"category","embeddable":true,"href":"https:\/\/www.europesays.com\/de\/wp-json\/wp\/v2\/categories?post=855637"},{"taxonomy":"post_tag","embeddable":true,"href":"https:\/\/www.europesays.com\/de\/wp-json\/wp\/v2\/tags?post=855637"}],"curies":[{"name":"wp","href":"https:\/\/api.w.org\/{rel}","templated":true}]}}