{"id":855875,"date":"2026-03-09T20:17:54","date_gmt":"2026-03-09T20:17:54","guid":{"rendered":"https:\/\/www.europesays.com\/de\/855875\/"},"modified":"2026-03-09T20:17:54","modified_gmt":"2026-03-09T20:17:54","slug":"berlin-stuttgart-amtsteilung-im-suedwesten-hagel-alles-auf-den-pruefstand","status":"publish","type":"post","link":"https:\/\/www.europesays.com\/de\/855875\/","title":{"rendered":"Berlin\/Stuttgart | Amtsteilung im S\u00fcdwesten? Hagel: \u00abAlles auf den Pr\u00fcfstand\u00bb"},"content":{"rendered":"<p>Berlin\/Stuttgart (dpa) &#8211; Baden-W\u00fcrttembergs CDU-Chef Manuel Hagel hat angesichts des knappen Wahlausgangs bei der Landtagswahl eine Teilung der Amtszeit des Ministerpr\u00e4sidenten nicht ausgeschlossen. Zuvor hatten mehrere Unionsvertreter eine solche L\u00f6sung ins Spiel gebracht.\u00a0<\/p>\n<p>Gr\u00fcne und CDU h\u00e4tten die gleiche Zahl an Sitzen im Parlament, sagte Hagel nach Sitzungen der CDU-Spitzengremien in Berlin. Die Pattsituation sei neu und einmalig. Jede Partei habe die gleiche Zahl an Abgeordneten, daraus erwachse ein klarer inhaltlicher Anspruch. \u00abDa geh\u00f6rt alles auf den Tisch, alles auf den Pr\u00fcfstand.\u00bb Wie man damit umgehe, werde man in den zust\u00e4ndigen Gremien der S\u00fcdwest-CDU am Abend und am Dienstag in der Fraktion beraten.\u00a0<\/p>\n<p>56 Mandate f\u00fcr Gr\u00fcne, 56 Mandate f\u00fcr CDU<\/p>\n<p>Bei der Wahl am Sonntag hatten die Gr\u00fcnen mit 30,2 Prozent knapp Platz eins vor der CDU mit 29,7 Prozent erreicht. Im neuen Landtag kommen aber beide Fraktionen auf jeweils 56 Mandate. Die SPD war auf 5,5 Prozent abgesackt.\u00a0<\/p>\n<p>Die deutlichen Zugewinne der CDU und die Gleichzahl der Mandate m\u00fcssten \u00abin der Regierungspolitik und vorher in einem m\u00f6glichen Koalitionsvertrag sich in einer Balance abbilden\u00bb, sagte Kanzler und CDU-Bundeschef Friedrich Merz mit Blick auf ein m\u00f6gliches B\u00fcndnis aus Gr\u00fcnen und Union.\u00a0<\/p>\n<p>CDU-Politiker: \u00abKein klarer Wahlsieger\u00bb<\/p>\n<p>Zuvor hatte CDU\/CSU-Bundestagsfraktionschef Jens Spahn angesichts der Pattsituation zwischen CDU und Gr\u00fcnen eine Teilung der Amtszeit des Ministerpr\u00e4sidenten ins Spiel gebracht. Der Stuttgarter CDU-Oberb\u00fcrgermeister Frank Nopper hatte auf Anfrage der \u00abBild\u00bb-Zeitung erkl\u00e4rt, es gebe in Baden-W\u00fcrttemberg gar \u00abkeinen klaren Wahlsieger\u00bb. Wegen der Pattsituation sei er \u00abder Auffassung, dass nicht die Gr\u00fcnen allein das Ministerpr\u00e4sidentenamt f\u00fcr sich beanspruchen k\u00f6nnen\u00bb, so Nopper. Deswegen pl\u00e4diere er f\u00fcr ein Rotationsprinzip und f\u00fcr die Besetzung des Amts im Wechsel.\u00a0<\/p>\n<p>Die S\u00fcdwest-CDU sollte nicht einfach zur Tagesordnung \u00fcbergehen, sagte Nopper \u2013 \u00abinsbesondere nach dem \u00e4u\u00dferst unfairen Wahlkampf der letzten Wochen\u00bb. Eine Koalition kann es nur geben, wenn die Gr\u00fcnen in dieser Situation starke Zugest\u00e4ndnisse machten, die weit \u00fcber eine bessere Ausstattung mit Ministerien hinausgehen.<\/p>\n<p>Hagel treibt den Preis hoch<\/p>\n<p>Auch Hagel betonte, es gebe keinen Automatismus zur Bildung einer Landesregierung &#8211; und keinen Automatismus zur \u00dcbereinstimmung mit den Gr\u00fcnen. Die \u00dcberzeugungen der CDU w\u00fcrden weiterhin gelten, die h\u00e4tten sich nicht in Luft aufgel\u00f6st. F\u00fcr eine linke Politik stehe die CDU nicht zur Verf\u00fcgung.<\/p>\n<p>Gr\u00fcnen-Bundesvorsitzende Franziska Brantner sagte zum Vorschlag einer Teilung der Amtszeit: \u00abIch hatte ja bis gestern geglaubt, die CDU sei gegen Lifestyle-Teilzeit. Also, wir sind f\u00fcr Vollzeit-Ministerpr\u00e4sidenten.\u00bb<\/p>\n","protected":false},"excerpt":{"rendered":"Berlin\/Stuttgart (dpa) &#8211; Baden-W\u00fcrttembergs CDU-Chef Manuel Hagel hat angesichts des knappen Wahlausgangs bei der Landtagswahl eine Teilung der&hellip;\n","protected":false},"author":2,"featured_media":855876,"comment_status":"","ping_status":"","sticky":false,"template":"","format":"standard","meta":{"footnotes":"","_share_on_mastodon":"0"},"categories":[1841],"tags":[171087,1634,1605,31,3364,29,30,2013,1985,1209,2403,2534],"class_list":["post-855875","post","type-post","status-publish","format-standard","has-post-thumbnail","category-bielefeld","tag-ltwbw26","tag-baden-wuerttemberg","tag-bielefeld","tag-cdu","tag-de","tag-deutschland","tag-germany","tag-gruene","tag-landtag","tag-nordrhein-westfalen","tag-partei","tag-wahl"],"share_on_mastodon":{"url":"https:\/\/pubeurope.com\/@de\/116201069359386518","error":""},"_links":{"self":[{"href":"https:\/\/www.europesays.com\/de\/wp-json\/wp\/v2\/posts\/855875","targetHints":{"allow":["GET"]}}],"collection":[{"href":"https:\/\/www.europesays.com\/de\/wp-json\/wp\/v2\/posts"}],"about":[{"href":"https:\/\/www.europesays.com\/de\/wp-json\/wp\/v2\/types\/post"}],"author":[{"embeddable":true,"href":"https:\/\/www.europesays.com\/de\/wp-json\/wp\/v2\/users\/2"}],"replies":[{"embeddable":true,"href":"https:\/\/www.europesays.com\/de\/wp-json\/wp\/v2\/comments?post=855875"}],"version-history":[{"count":0,"href":"https:\/\/www.europesays.com\/de\/wp-json\/wp\/v2\/posts\/855875\/revisions"}],"wp:featuredmedia":[{"embeddable":true,"href":"https:\/\/www.europesays.com\/de\/wp-json\/wp\/v2\/media\/855876"}],"wp:attachment":[{"href":"https:\/\/www.europesays.com\/de\/wp-json\/wp\/v2\/media?parent=855875"}],"wp:term":[{"taxonomy":"category","embeddable":true,"href":"https:\/\/www.europesays.com\/de\/wp-json\/wp\/v2\/categories?post=855875"},{"taxonomy":"post_tag","embeddable":true,"href":"https:\/\/www.europesays.com\/de\/wp-json\/wp\/v2\/tags?post=855875"}],"curies":[{"name":"wp","href":"https:\/\/api.w.org\/{rel}","templated":true}]}}