{"id":855943,"date":"2026-03-09T20:53:14","date_gmt":"2026-03-09T20:53:14","guid":{"rendered":"https:\/\/www.europesays.com\/de\/855943\/"},"modified":"2026-03-09T20:53:14","modified_gmt":"2026-03-09T20:53:14","slug":"stuttgart-am-tag-danach-nachwehen-einer-spannenden-wahl","status":"publish","type":"post","link":"https:\/\/www.europesays.com\/de\/855943\/","title":{"rendered":"Stuttgart am Tag danach: Nachwehen einer spannenden Wahl"},"content":{"rendered":"<p>Stuttgarts OB Frank Nopper (CDU) h\u00e4tte gerne mehr Stuttgarter Abgeordnete in den Parlamenten. Die Gr\u00fcnen sind wieder st\u00e4rkste Kraft, Die Linke will weiterk\u00e4mpfen.<\/p>\n<p> Stuttgarts Oberb\u00fcrgermeister <a href=\"https:\/\/www.stuttgarter-nachrichten.de\/thema\/Frank_Nopper\" title=\"Frank Nopper\" class=\"art_thema\" rel=\"nofollow noopener\" target=\"_blank\">Frank Nopper<\/a> (CDU) hadert mit dem Ausgang der Landtagswahl. Und das liegt sicher nicht so sehr am Ergebnis seines Bruders Klaus Nopper, der gegen <a href=\"https:\/\/www.stuttgarter-nachrichten.de\/thema\/Cem_%C3%96zdemir\" title=\"Cem \u00d6zdemir\" class=\"art_thema\" rel=\"nofollow noopener\" target=\"_blank\">Cem \u00d6zdemir<\/a> im Wahlkreis II seine Grenzen aufgezeigt bekam \u2013 und dann auch noch im \u201eSpiegel\u201c als \u201eManuel Hagel\u201c tituliert wurde. Am OB nagt der knappe Ausgang zu Lasten seiner Partei und deren Spitzenkandidaten Manuel Hagel, was ihn zur Forderung verleitete, der Parteifreund m\u00fcsse in den n\u00e4chsten f\u00fcnf Jahren zeitweise Ministerpr\u00e4sident sein d\u00fcrfen. <\/p>\n<p>Unzufrieden ist Frank Nopper vor allem, weil es \u201eweniger denn je\u201c Landtagsabgeordnete aus <a href=\"https:\/\/www.stuttgarter-nachrichten.de\/thema\/Stuttgart\" title=\"Stuttgart\" class=\"art_thema\" rel=\"nofollow noopener\" target=\"_blank\">Stuttgart<\/a> gebe \u2013 er meint damit: keine mit CDU-Parteibuch. Wom\u00f6glich hat er deshalb noch nicht offiziell gratuliert. Mit Verweis auf die Bundestagswahl, bei der auch \u201enur\u201c die Gr\u00fcne Simone Fischer und sein politischer Erzfeind Luigi Pantisano (Die Linke) ein Mandat erhielten, bedeute dies \u201eeine weitere parlamentarische Schw\u00e4chung der Landeshauptstadt Stuttgart\u201c. Neben den vier Gr\u00fcnen <a href=\"https:\/\/www.stuttgarter-nachrichten.de\/thema\/Muhterem_Aras\" title=\"Muhterem Aras\" class=\"art_thema\" rel=\"nofollow noopener\" target=\"_blank\">Muhterem Aras<\/a>, Cem \u00d6zdemir, Oliver Hildenbrand und Kulturministerin Petra Olschowski ziehen \u00fcber die Landesliste ihrer Parteien noch Katrin Steinh\u00fclb-Joos und der vor der letzten Kommunalwahl parteiintern abservierte Ex-Fraktionschef Christian K\u00f6hler (AfD) in den Landtag ein. <\/p>\n<p>Gr\u00fcne Prominenz souver\u00e4n <\/p>\n<p>Dass sich die Reduzierung um einen Stuttgarter Abgeordneten negativ auf die Beziehungen zum Land auswirkt, d\u00fcrfte schwer nachzuweisen sein. Was nachlassen wird, ist die Zahl der Stuttgart-spezifischen Anfragen an die Landesregierung, da der Tankstellenp\u00e4chter und Stadtrat Friedrich Haag (FDP) sein Mandat verloren hat. <\/p>\n<p>Die Gr\u00fcnen-Promis Muhterem Aras und Cem \u00d6zdemir haben die Wahlkreise I (Innenstadt) und II (Filder) souver\u00e4n gewonnen. Dort wo Stuttgart urban ist und wo studiert wird, gibt es eine solide Stammw\u00e4hlerschaft. Warum diese ausgerechnet bei der OB-Wahl 2020 ihre Kandidatin Veronika Kienzle im Stich gelassen hat, ist Gr\u00fcnen-Anh\u00e4ngern bis heute r\u00e4tselhaft. Das gilt auch daf\u00fcr, dass 40,9 Prozent der Stuttgarter trotz des gegenl\u00e4ufigen Bundestrends die Gr\u00fcnen gew\u00e4hlt haben, sich vor ihrer Haust\u00fcr aber gefallen lassen, dass die Rathausspitze Ideen wie Klimaschutz, Luftreinhaltung und Verkehrswende eher nachrangig behandelt.<\/p>\n<p>  <img decoding=\"async\" loading=\"lazy\" src=\"https:\/\/www.europesays.com\/de\/wp-content\/uploads\/2026\/03\/media.media.1b2357fb-5379-4841-982e-369464f38f62.original1024.media.jpeg\"\/>     Nichts wie weg hier: Markus Reiners (CDH) war am Sonntag Abend bedient.    Foto: LICHTGUT    <\/p>\n<p>Im Norden, wo die Menschen \u00e4rmer und die Rechten st\u00e4rker sind und es zudem heftige Kontroversen gibt, wie die Landeserstaufnahmestelle f\u00fcr Fl\u00fcchtlinge (LEA) in Weilimdorf oder die forensische Klinik f\u00fcr psychisch kranke Straft\u00e4ter in Bad Cannstatt, hatten es die Gr\u00fcnen schwerer, ihren Vorsprung zu verwalten. Hier wie dort unterschieden sich die Positionen der CDU-Bewerber Markus Reiners und Shajeevan Thavakkumar zu den strittigen Themen nicht erheblich von denen der AfD. Die Christdemokraten legten zwar f\u00fcnf bis sechs Prozentpunkte zu. Doch wer Mitmenschen ausgrenzt und grunds\u00e4tzlich rechten Positionen zuneigt, w\u00e4hlt eher das Original. Die AfD verdoppelte jedenfalls (auch) in diesen Stadtteilen ihre Stimmenzahl. <\/p>\n<p>Die Linke hat ein Thema gesetzt <\/p>\n<p>Die FDP und Die Linke sind, wie \u00fcberall im Land, Opfer des Zweikampfs zwischen \u00d6zdemir und Hagel geworden. Das l\u00e4sst sich etwa am Ergebnis der Bundestagswahl 2025 ablesen. Damals kamen sie immerhin noch auf 10,9 und 7,5 Prozent. Wie man als Partei, die um jeden Prozentpunkt ringen muss, die wichtigen Themen setzt, hat Die Linke der SPD gezeigt, in dem sie eine durchstrukturierte Kampagne f\u00fcr g\u00fcnstigere Mieten fuhr. Bis kurz vor der Wahl schien sich der Einsatz, der in Stuttgart auf gro\u00dfe Resonanz gesto\u00dfen ist, auch auszuzahlen. Nun wird die Aktion aber fortgesetzt. <\/p>\n<p>Die SPD hat dieses Thema immer noch nicht f\u00fcr sich reklamiert, obwohl die Verl\u00e4ngerung der Mietpreisbremse, der Kampf gegen zu teures m\u00f6bliertes sowie ein zeitlich befristetes Wohnen M\u00f6glichkeiten zur Profilierung bieten. Die Sozialdemokraten tragen aber auch noch schwer am kapitalen Fehler ihres Landesfinanzminister Nils Schmid, der 2012 rund 20 000 gef\u00f6rderte Wohnungen an ein privates Konsortium verscherbelte. <\/p>\n<p>Ein Gutes hat der Ausgang der Wahl aber doch noch f\u00fcr OB Nopper: Es spricht nach der Niederlage Hagels alles daf\u00fcr, dass der ihm nicht seinen Stellvertreter Fabian Mayer (CDU) abwirbt. Der Erste B\u00fcrgermeister arbeitet gerne im Rathaus. Wom\u00f6glich nutzt er die Zeit bis zur n\u00e4chsten OB-Wahl, um zu \u00fcberlegen, ob er sich zu H\u00f6herem berufen f\u00fchlen k\u00f6nnte. <\/p>\n","protected":false},"excerpt":{"rendered":"Stuttgarts OB Frank Nopper (CDU) h\u00e4tte gerne mehr Stuttgarter Abgeordnete in den Parlamenten. Die Gr\u00fcnen sind wieder st\u00e4rkste&hellip;\n","protected":false},"author":2,"featured_media":855944,"comment_status":"","ping_status":"","sticky":false,"template":"","format":"standard","meta":{"footnotes":"","_share_on_mastodon":"0"},"categories":[1830],"tags":[1634,51,3364,29,28439,30,69481,78584,1441],"class_list":["post-855943","post","type-post","status-publish","format-standard","has-post-thumbnail","category-stuttgart","tag-baden-wuerttemberg","tag-cem-oezdemir","tag-de","tag-deutschland","tag-frank-nopper","tag-germany","tag-luigi-pantisano","tag-muhterem-aras","tag-stuttgart"],"share_on_mastodon":{"url":"https:\/\/pubeurope.com\/@de\/116201207060448479","error":""},"_links":{"self":[{"href":"https:\/\/www.europesays.com\/de\/wp-json\/wp\/v2\/posts\/855943","targetHints":{"allow":["GET"]}}],"collection":[{"href":"https:\/\/www.europesays.com\/de\/wp-json\/wp\/v2\/posts"}],"about":[{"href":"https:\/\/www.europesays.com\/de\/wp-json\/wp\/v2\/types\/post"}],"author":[{"embeddable":true,"href":"https:\/\/www.europesays.com\/de\/wp-json\/wp\/v2\/users\/2"}],"replies":[{"embeddable":true,"href":"https:\/\/www.europesays.com\/de\/wp-json\/wp\/v2\/comments?post=855943"}],"version-history":[{"count":0,"href":"https:\/\/www.europesays.com\/de\/wp-json\/wp\/v2\/posts\/855943\/revisions"}],"wp:featuredmedia":[{"embeddable":true,"href":"https:\/\/www.europesays.com\/de\/wp-json\/wp\/v2\/media\/855944"}],"wp:attachment":[{"href":"https:\/\/www.europesays.com\/de\/wp-json\/wp\/v2\/media?parent=855943"}],"wp:term":[{"taxonomy":"category","embeddable":true,"href":"https:\/\/www.europesays.com\/de\/wp-json\/wp\/v2\/categories?post=855943"},{"taxonomy":"post_tag","embeddable":true,"href":"https:\/\/www.europesays.com\/de\/wp-json\/wp\/v2\/tags?post=855943"}],"curies":[{"name":"wp","href":"https:\/\/api.w.org\/{rel}","templated":true}]}}