{"id":855967,"date":"2026-03-09T21:06:19","date_gmt":"2026-03-09T21:06:19","guid":{"rendered":"https:\/\/www.europesays.com\/de\/855967\/"},"modified":"2026-03-09T21:06:19","modified_gmt":"2026-03-09T21:06:19","slug":"union-berlin-rote-karte-gegen-schaefer-unterschiedliche-reaktionen-sport","status":"publish","type":"post","link":"https:\/\/www.europesays.com\/de\/855967\/","title":{"rendered":"Union Berlin: Rote Karte gegen Sch\u00e4fer: unterschiedliche Reaktionen | Sport"},"content":{"rendered":"<p><a class=\"skip-content skip-content--link\" href=\"#in-content-skip-link-target-v-0-0\">TTS-Player \u00fcberspringen\u21b5<\/a><a id=\"in-content-skip-link-target-v-0-0\" class=\"skip-content--target-link-hidden skip-content skip-content--target-link\" href=\"#in-content-skip-link-target-v-0-0\">Artikel weiterlesen<\/a><\/p>\n<p><b>Union musste beim 1:4 gegen Bremen fast die komplette Partie mit zehn Mann bestreiten. Der Platzverweis gegen Andras Sch\u00e4fer in der 19. Minute wurde zum Wendepunkt. F\u00fcr St\u00fcrmer Ilyas Ansah ist klar, wie schwer diese Hypothek wiegt. \u201eWenn du 70 Minuten in Unterzahl spielst kann es schon mal sein, dass du verlierst.\u201c <\/b><\/p>\n<p>Schiedsrichter Timo Gerach wertete das Einsteigen Sch\u00e4fers gegen Jens Stage als grobes Foulspiel und zeigte Rot.<\/p>\n<p><img decoding=\"async\" width=\"992\" height=\"558\" alt=\"Andr\u00e1s Sch\u00e4fer (26) foult Jens Stage und sieht danach die Rote Karte\" src=\"https:\/\/www.europesays.com\/de\/wp-content\/uploads\/2026\/03\/b6eb9ca5e2564639eba75aa1e5ad5365,23c4eb5a.jpeg\"   class=\"landscape\" loading=\"lazy\"\/><\/p>\n<p class=\"fig__caption__text\">Andr\u00e1s Sch\u00e4fer (26) foult Jens Stage und sieht danach die Rote Karte<\/p>\n<p>Foto: DFL<\/p>\n<p>Trainer Steffen Baumgart war nach dem Spiel sichtlich bedient: \u201eDie Rote Karte ist aus meiner Sicht eine schwierige Situation, weil es f\u00fcr mich immer noch keine Rote Karte ist, es ist maximal eine Gelbe. Es ist auch kein Tritt oberhalb des Kn\u00f6chels. Sondern es ist in der Bewegung auf den Fu\u00df drauf.\u201c <\/p>\n<p><img decoding=\"async\" width=\"992\" height=\"558\" alt=\"Steffen Baumgart (54) w\u00e4hrend des Spiels zwischen Union Berlin und Werder Bremen\" src=\"https:\/\/www.europesays.com\/de\/wp-content\/uploads\/2026\/03\/f1b94fcf8dcb86b3b3a4c64db19bffc4,29abb3e1.jpeg\"   class=\"landscape\" loading=\"lazy\"\/><\/p>\n<p class=\"fig__caption__text\">Steffen Baumgart (54) w\u00e4hrend des Spiels zwischen Union Berlin und Werder Bremen<\/p>\n<p>Foto: Carmen Jaspersen\/dpa<\/p>\n<p>Auch Gesch\u00e4ftsf\u00fchrer Horst Heldt bewertet die Entscheidung kritisch.<br \/>\n\u201eZiemlich hart, sicherlich auch zu hart. Er trifft ihn unten am Fu\u00df. Das ist unbestritten ein Foul. Ob das jetzt Rot ist, das ist vielleicht zu hart, aber am Ende hat der Schiri so entschieden.\u201c<\/p>\n<p>Ex-Schiedsrichter Manuel Gr\u00e4fe kommt bei BILD zu einer anderen Bewertung:<br \/>\n\u201eWenn ich das mache, muss ich mit dem Risiko rechnen, dass ich des Feldes verwiesen werde. Er trifft ihn haupts\u00e4chlich am Fu\u00df, aber vorher auch im Bereich Achillessehne, in den Kn\u00f6chel hinein. Diese Aktionen sind gesundheitsgef\u00e4hrdend.\u201d<\/p>\n<p>Treten vs. Halten: Gr\u00e4fe erkl\u00e4rt spannende Foul-Regel<a class=\"anchor video-teaser__anchor\" href=\"https:\/\/www.bild.de\/sport\/fussball\/treten-vs-halten-graefe-erklaert-spannende-foul-regel-69add75f0480cc9165b0cc7d\" rel=\"nofollow noopener\" target=\"_blank\"><img decoding=\"async\" width=\"992\" height=\"558\" alt=\"\" src=\"https:\/\/www.europesays.com\/de\/wp-content\/uploads\/2026\/03\/b3f26412f8466db622550ec3758dfff8,fcda8cba.jpeg\"   class=\"landscape teaser__image\" loading=\"lazy\"\/><\/a><\/p>\n<p>Quelle: BILD09.03.2026<\/p>\n<p>War der fr\u00fche Platzverweis allein verantwortlich f\u00fcr das 1:4?<\/p>\n<p>Union stemmte sich trotz Unterzahl gegen die Niederlage. 112 Kilometer Laufleistung \u2013 nur sieben weniger als Bremen. Der Ballbesitz lag allerdings bei 26 Prozent. Hoher Aufwand, wenig Kontrolle. Die Rote Karte gegen Sch\u00e4fer pr\u00e4gte das Spiel.<\/p>\n","protected":false},"excerpt":{"rendered":"TTS-Player \u00fcberspringen\u21b5Artikel weiterlesen Union musste beim 1:4 gegen Bremen fast die komplette Partie mit zehn Mann bestreiten. Der&hellip;\n","protected":false},"author":2,"featured_media":855968,"comment_status":"","ping_status":"","sticky":false,"template":"","format":"standard","meta":{"footnotes":"","_share_on_mastodon":"0"},"categories":[1825],"tags":[297,1740,296,299,29,40800,347,30,100503,19314,10011,806,4581,45,537],"class_list":["post-855967","post","type-post","status-publish","format-standard","has-post-thumbnail","category-berlin","tag-1-fc-union-berlin","tag-baumgart-steffen","tag-berlin","tag-bundesliga","tag-deutschland","tag-foul","tag-fussball","tag-germany","tag-graefe-manuel","tag-heldt-horst","tag-rote-karte","tag-sport-leuchtturm-berlin","tag-sport-tag-im-ticker","tag-texttospeech","tag-werder-bremen"],"share_on_mastodon":{"url":"https:\/\/pubeurope.com\/@de\/116201258408079281","error":""},"_links":{"self":[{"href":"https:\/\/www.europesays.com\/de\/wp-json\/wp\/v2\/posts\/855967","targetHints":{"allow":["GET"]}}],"collection":[{"href":"https:\/\/www.europesays.com\/de\/wp-json\/wp\/v2\/posts"}],"about":[{"href":"https:\/\/www.europesays.com\/de\/wp-json\/wp\/v2\/types\/post"}],"author":[{"embeddable":true,"href":"https:\/\/www.europesays.com\/de\/wp-json\/wp\/v2\/users\/2"}],"replies":[{"embeddable":true,"href":"https:\/\/www.europesays.com\/de\/wp-json\/wp\/v2\/comments?post=855967"}],"version-history":[{"count":0,"href":"https:\/\/www.europesays.com\/de\/wp-json\/wp\/v2\/posts\/855967\/revisions"}],"wp:featuredmedia":[{"embeddable":true,"href":"https:\/\/www.europesays.com\/de\/wp-json\/wp\/v2\/media\/855968"}],"wp:attachment":[{"href":"https:\/\/www.europesays.com\/de\/wp-json\/wp\/v2\/media?parent=855967"}],"wp:term":[{"taxonomy":"category","embeddable":true,"href":"https:\/\/www.europesays.com\/de\/wp-json\/wp\/v2\/categories?post=855967"},{"taxonomy":"post_tag","embeddable":true,"href":"https:\/\/www.europesays.com\/de\/wp-json\/wp\/v2\/tags?post=855967"}],"curies":[{"name":"wp","href":"https:\/\/api.w.org\/{rel}","templated":true}]}}