{"id":856047,"date":"2026-03-09T21:51:14","date_gmt":"2026-03-09T21:51:14","guid":{"rendered":"https:\/\/www.europesays.com\/de\/856047\/"},"modified":"2026-03-09T21:51:14","modified_gmt":"2026-03-09T21:51:14","slug":"deutschland-hagel-bietet-ruecktritt-an-cdu-landesvorstand-lehnt-ab","status":"publish","type":"post","link":"https:\/\/www.europesays.com\/de\/856047\/","title":{"rendered":"Deutschland: Hagel bietet R\u00fccktritt an \u2013 CDU-Landesvorstand lehnt ab"},"content":{"rendered":"<p>Baden-W\u00fcrttembergs CDU-Chef Manuel Hagel hat nach seiner knappen Wahlniederlage bei der Landtagswahl der Partei seinen R\u00fccktritt angeboten. Das Angebot sei klar und einstimmig abgelehnt worden, sagte Landesgeneralsekret\u00e4r Tobias Vogt und best\u00e4tigte einen Bericht des SWR.<\/p>\n<p>Stuttgart &#8211; Baden-W\u00fcrttembergs <a href=\"https:\/\/www.stuttgarter-nachrichten.de\/thema\/CDU\" title=\"CDU\" class=\"art_thema\" rel=\"nofollow noopener\" target=\"_blank\">CDU<\/a>-Chef Manuel Hagel hat nach seiner knappen Wahlniederlage bei der Landtagswahl der Partei seinen R\u00fccktritt angeboten. Das Angebot sei klar und einstimmig abgelehnt worden, sagte Landesgeneralsekret\u00e4r Tobias Vogt und best\u00e4tigte einen Bericht des SWR.<\/p>\n","protected":false},"excerpt":{"rendered":"Baden-W\u00fcrttembergs CDU-Chef Manuel Hagel hat nach seiner knappen Wahlniederlage bei der Landtagswahl der Partei seinen R\u00fccktritt angeboten. Das&hellip;\n","protected":false},"author":2,"featured_media":57288,"comment_status":"","ping_status":"","sticky":false,"template":"","format":"standard","meta":{"footnotes":"","_share_on_mastodon":"0"},"categories":[2],"tags":[171087,331,3924,332,3922,1634,31,3364,29,30,13,1985,14,3923,15,3921,5566,12,4672],"class_list":["post-856047","post","type-post","status-publish","format-standard","has-post-thumbnail","category-deutschland","tag-ltwbw26","tag-aktuelle-nachrichten","tag-aktuelle-nachrichten-aus-deutschland","tag-aktuelle-news","tag-aktuelle-news-aus-deutschland","tag-baden-wuerttemberg","tag-cdu","tag-de","tag-deutschland","tag-germany","tag-headlines","tag-landtag","tag-nachrichten","tag-nachrichten-aus-deutschland","tag-news","tag-news-aus-deutschland","tag-parteien","tag-schlagzeilen","tag-wahlen"],"share_on_mastodon":{"url":"https:\/\/pubeurope.com\/@de\/116201435007016703","error":""},"_links":{"self":[{"href":"https:\/\/www.europesays.com\/de\/wp-json\/wp\/v2\/posts\/856047","targetHints":{"allow":["GET"]}}],"collection":[{"href":"https:\/\/www.europesays.com\/de\/wp-json\/wp\/v2\/posts"}],"about":[{"href":"https:\/\/www.europesays.com\/de\/wp-json\/wp\/v2\/types\/post"}],"author":[{"embeddable":true,"href":"https:\/\/www.europesays.com\/de\/wp-json\/wp\/v2\/users\/2"}],"replies":[{"embeddable":true,"href":"https:\/\/www.europesays.com\/de\/wp-json\/wp\/v2\/comments?post=856047"}],"version-history":[{"count":0,"href":"https:\/\/www.europesays.com\/de\/wp-json\/wp\/v2\/posts\/856047\/revisions"}],"wp:featuredmedia":[{"embeddable":true,"href":"https:\/\/www.europesays.com\/de\/wp-json\/wp\/v2\/media\/57288"}],"wp:attachment":[{"href":"https:\/\/www.europesays.com\/de\/wp-json\/wp\/v2\/media?parent=856047"}],"wp:term":[{"taxonomy":"category","embeddable":true,"href":"https:\/\/www.europesays.com\/de\/wp-json\/wp\/v2\/categories?post=856047"},{"taxonomy":"post_tag","embeddable":true,"href":"https:\/\/www.europesays.com\/de\/wp-json\/wp\/v2\/tags?post=856047"}],"curies":[{"name":"wp","href":"https:\/\/api.w.org\/{rel}","templated":true}]}}