{"id":856314,"date":"2026-03-10T00:19:29","date_gmt":"2026-03-10T00:19:29","guid":{"rendered":"https:\/\/www.europesays.com\/de\/856314\/"},"modified":"2026-03-10T00:19:29","modified_gmt":"2026-03-10T00:19:29","slug":"bloss-nicht-den-stecker-ziehen","status":"publish","type":"post","link":"https:\/\/www.europesays.com\/de\/856314\/","title":{"rendered":"Blo\u00df nicht den Stecker ziehen!"},"content":{"rendered":"<p class=\"text_ohne_einzug richtext text-em-55 !leading-serif mx-6 desktop:mx-0\">Das ist die Lage nach der erneut ern\u00fcchternden Vorstellung beim 1:3 gegen den SC Paderborn. Und im Hinblick auf eine m\u00f6gliche Spaltung in zwei Lager bei der Jahreshauptversammlung warnt das Podcast-Team: Blo\u00df nicht den Stecker ziehen!<\/p>\n<p class=\"richtext text-em-55 !leading-serif mx-6 desktop:mx-0\">Der Stecker wurde ganz real in M\u00fcnster gezogen \u2013 neue Geschichten aus dem K\u00f6lner Keller. In der Wuppertaler Stadtliga hat der FSV Vohwinkel die Tabellenspitze \u00fcbernommen.<\/p>\n","protected":false},"excerpt":{"rendered":"Das ist die Lage nach der erneut ern\u00fcchternden Vorstellung beim 1:3 gegen den SC Paderborn. Und im Hinblick&hellip;\n","protected":false},"author":2,"featured_media":856315,"comment_status":"","ping_status":"","sticky":false,"template":"","format":"standard","meta":{"footnotes":"","_share_on_mastodon":"0"},"categories":[1840],"tags":[3364,29,30,1209,2043,88775,6227,4418],"class_list":["post-856314","post","type-post","status-publish","format-standard","has-post-thumbnail","category-wuppertal","tag-de","tag-deutschland","tag-germany","tag-nordrhein-westfalen","tag-podcast","tag-stecker","tag-wsv","tag-wuppertal"],"share_on_mastodon":{"url":"https:\/\/pubeurope.com\/@de\/116202017059932223","error":""},"_links":{"self":[{"href":"https:\/\/www.europesays.com\/de\/wp-json\/wp\/v2\/posts\/856314","targetHints":{"allow":["GET"]}}],"collection":[{"href":"https:\/\/www.europesays.com\/de\/wp-json\/wp\/v2\/posts"}],"about":[{"href":"https:\/\/www.europesays.com\/de\/wp-json\/wp\/v2\/types\/post"}],"author":[{"embeddable":true,"href":"https:\/\/www.europesays.com\/de\/wp-json\/wp\/v2\/users\/2"}],"replies":[{"embeddable":true,"href":"https:\/\/www.europesays.com\/de\/wp-json\/wp\/v2\/comments?post=856314"}],"version-history":[{"count":0,"href":"https:\/\/www.europesays.com\/de\/wp-json\/wp\/v2\/posts\/856314\/revisions"}],"wp:featuredmedia":[{"embeddable":true,"href":"https:\/\/www.europesays.com\/de\/wp-json\/wp\/v2\/media\/856315"}],"wp:attachment":[{"href":"https:\/\/www.europesays.com\/de\/wp-json\/wp\/v2\/media?parent=856314"}],"wp:term":[{"taxonomy":"category","embeddable":true,"href":"https:\/\/www.europesays.com\/de\/wp-json\/wp\/v2\/categories?post=856314"},{"taxonomy":"post_tag","embeddable":true,"href":"https:\/\/www.europesays.com\/de\/wp-json\/wp\/v2\/tags?post=856314"}],"curies":[{"name":"wp","href":"https:\/\/api.w.org\/{rel}","templated":true}]}}