{"id":856391,"date":"2026-03-10T01:03:55","date_gmt":"2026-03-10T01:03:55","guid":{"rendered":"https:\/\/www.europesays.com\/de\/856391\/"},"modified":"2026-03-10T01:03:55","modified_gmt":"2026-03-10T01:03:55","slug":"beratungen-in-berlin-ueber-waffenstillstand-in-der-ukraine-beginnen-heute","status":"publish","type":"post","link":"https:\/\/www.europesays.com\/de\/856391\/","title":{"rendered":"Beratungen in Berlin \u00fcber Waffenstillstand in der Ukraine beginnen heute"},"content":{"rendered":"<p>            <img loading=\"lazy\" decoding=\"async\" class=\"ts-image\" src=\"https:\/\/www.europesays.com\/de\/wp-content\/uploads\/2026\/03\/berlin-660.jpg\" alt=\"Die Flaggen der EU, der Ukraine und Deutschlands wehen vor dem Reichstagsgeb\u00e4ude in Berlin (Archivbild)\" title=\"Die Flaggen der EU, der Ukraine und Deutschlands wehen vor dem Reichstagsgeb\u00e4ude in Berlin (Archivbild) | AFP\"\/><\/p>\n<p class=\"metatextline\">Stand: 14.12.2025 \u2022 01:23 Uhr<\/p>\n<p class=\"article-head__shorttext\">\n        <strong>Heute zun\u00e4chst auf Beraterebene, morgen dann mit Spitzenpolitikern &#8211; in Berlin wird zwei Tage \u00fcber den US-Plan f\u00fcr die Ukraine beraten. Im Vorfeld warnte Kanzler Merz: Kreml-Chef Putin werde nicht aufh\u00f6ren, wenn die Ukraine falle.<\/strong>\n    <\/p>\n<p class=\"textabsatz m-ten m-offset-one l-eight l-offset-two columns twelve\">Die diplomatischen Bem\u00fchungen um eine Beendigung des Ukraine-Kriegs gehen in eine neue Runde &#8211; diesmal in Berlin. Der US-Sondergesandte Steve Witkoff will sich dort nach Angaben des Wei\u00dfen Hauses mit dem ukrainischen Pr\u00e4sidenten Wolodymyr Selenskyj und europ\u00e4ischen Staats- und Regierungschefs treffen.<\/p>\n<p class=\"textabsatz m-ten m-offset-one l-eight l-offset-two columns twelve\">Nach Angaben aus deutschen Regierungskreisen f\u00fchren heute zun\u00e4chst die au\u00dfenpolitischen Berater &#8222;unter anderem der USA und der Ukraine&#8220; Gespr\u00e4che &#8222;zu einem m\u00f6glichen Waffenstillstand in der Ukraine&#8220;. Das Treffen findet unter Ausschluss der \u00d6ffentlichkeit statt. Wer genau teilnimmt, ist nicht bekannt. Auch wurden von offizieller Seite keine Details zu Ort und Zeit genannt.<\/p>\n<p>    Montag Gespr\u00e4che auf h\u00f6chster Ebene<\/p>\n<p class=\"textabsatz m-ten m-offset-one l-eight l-offset-two columns twelve\">F\u00fcr morgen sind dann in Berlin Beratungen auf h\u00f6chster Ebene geplant. Zun\u00e4chst will Bundeskanzler Friedrich Merz am Montag Pr\u00e4sident Selenskyj treffen und mit ihm am deutsch-ukrainischen Wirtschaftsforum teilnehmen.<\/p>\n<p class=\"textabsatz m-ten m-offset-one l-eight l-offset-two columns twelve\">F\u00fcr den Abend sind Gespr\u00e4che vorgesehen mit dem ukrainischen Pr\u00e4sidenten Selenskyj, Kanzler Merz, Frankreichs Pr\u00e4sident Emmanuel Macron, dem britischen Premier Keir Starmer und den Spitzen von EU und NATO. Ob an diesem Treffen auch die US-Berater teilnehmen werden, war am Samstagabend noch nicht bekannt. Russische Vertreter sind nicht dabei.<\/p>\n<p>    Selenskyj: \u00dcber &#8222;Fundamente des Friedens&#8220; sprechen<\/p>\n<p class=\"textabsatz m-ten m-offset-one l-eight l-offset-two columns twelve\">Selenskyj best\u00e4tigte <a href=\"https:\/\/www.facebook.com\/reel\/1346443696708062\" title=\"Videobotschaft Selenskyj\" class=\"textlink--extern js-link-dialog\" rel=\"noopener noreferrer nofollow\" target=\"_blank\" data-type=\"external\">am Samstagabend in seiner Videobotschaft<\/a> seine Teilnahme und sagte, &#8222;in Berlin wird es viele Veranstaltungen geben&#8220;. Er werde Vertreter Europas und der USA treffen, um \u00fcber &#8222;Fundamente des Friedens&#8220; zu sprechen. Es gehe um einen gerechten Frieden f\u00fcr die Ukraine mit einer Garantie, dass Russland mit keiner weiteren Invasion in das Land zur\u00fcckkehre. \u00a0<\/p>\n<p class=\"textabsatz m-ten m-offset-one l-eight l-offset-two columns twelve\">Die US-Regierung hatte auf Betreiben von Pr\u00e4sident Donald Trump im November einen &#8222;Friedensplan&#8220; vorgelegt, \u00fcber den seitdem in verschiedenen Runden verhandelt wurde &#8211; unter anderem in <a href=\"https:\/\/www.tagesschau.de\/ausland\/amerika\/ukraine-usa-gespraeche-100.html\" title=\"USA und Ukraine bekr\u00e4ftigen gemeinsame Ziele f\u00fcr Frieden\" rel=\"nofollow noopener\" target=\"_blank\">Florida<\/a>, in <a href=\"https:\/\/www.tagesschau.de\/ausland\/europa\/ukraine-treffen-london-100.html\" title=\"Ukraine-Treffen in London: Europa steckt in der Zwickm\u00fchle\" rel=\"nofollow noopener\" target=\"_blank\">London<\/a> und in <a href=\"https:\/\/www.tagesschau.de\/ausland\/europa\/witkoff-putin-treffen-100.html\" title=\"Kreml sieht offenbar kaum Fortschritte nach Putin-Witkoff-Treffen\" rel=\"nofollow noopener\" target=\"_blank\">Moskau<\/a>. In seiner <a href=\"https:\/\/www.tagesschau.de\/ausland\/europa\/us-plan-ukraine-100.html\" title=\"Trumps Ukraine-Plan: Viele Zugest\u00e4ndnisse - und nur vage Garantien\" rel=\"nofollow noopener\" target=\"_blank\">urspr\u00fcnglichen Version<\/a> hatte der Plan von der Ukraine massive Zugest\u00e4ndnisse verlangt und entsprach in vielen Punkten russischen Maximalforderungen sowie US-Wirtschaftsinteressen.<\/p>\n<p class=\"textabsatz m-ten m-offset-one l-eight l-offset-two columns twelve\">Trump macht Druck auf die Ukraine, einem Friedensabkommen zuzustimmen. Er sieht das von westlicher Unterst\u00fctzung abh\u00e4ngige Land milit\u00e4risch im Nachteil gegen\u00fcber dem Angreifer Russland. Zuletzt hatte Trump wieder verst\u00e4rkt russische Positionen \u00fcbernommen. Und auch in der <a href=\"https:\/\/www.tagesschau.de\/ausland\/amerika\/usa-vorwuerfe-europa-100.html\" title=\"USA kritisieren Europa und k\u00fcndigen Einmischung an\" rel=\"nofollow noopener\" target=\"_blank\">neuen Sicherheitsstrategie der US-Regierung<\/a> wird zwar Europa kritisiert, Russland taucht hingegen kaum auf.<\/p>\n<p>    Merz: Putin h\u00f6rt nicht auf, wenn die Ukraine f\u00e4llt<\/p>\n<p class=\"textabsatz m-ten m-offset-one l-eight l-offset-two columns twelve\">Bundeskanzler Merz sprach die laufenden Verhandlungen <a href=\"https:\/\/www.tagesschau.de\/inland\/innenpolitik\/merz-csu-parteitag-104.html\" title=\"Merz setzt auf die Regierung - und sieht die Demokratie in Gefahr \" rel=\"nofollow noopener\" target=\"_blank\">in seiner Rede auf dem CSU-Parteitag in M\u00fcnchen<\/a> nicht direkt an. Er rief aber dazu auf, die Strategie des russischen Pr\u00e4sidenten genau zu analysieren. Es gehe Putin &#8222;um die grundlegende Ver\u00e4nderung der Grenzen in Europa&#8220; und um eine Wiederherstellung der Sowjetunion ihren fr\u00fcheren Grenzen. &#8222;Und wenn die Ukraine f\u00e4llt, dann h\u00f6rt er nicht auf.&#8220;<\/p>\n<p class=\"textabsatz m-ten m-offset-one l-eight l-offset-two columns twelve\">Nach Einsch\u00e4tzung von Merz ergibt sich daraus eine &#8222;massive Gef\u00e4hrdung&#8220; &#8211; auch milit\u00e4risch &#8211; der L\u00e4nder, die fr\u00fcher einmal zum Sowjet-Imperium dazugeh\u00f6rt haben. Die fr\u00fcheren Sowjetrepubliken Estland, Lettland und Litauen sind heute Mitglieder von NATO und EU &#8211; ebenso wie weitere Staaten des sowjetisch dominierten Warschauer Pakts, der sich 1991 aufgel\u00f6st hatte.<\/p>\n<p class=\"textabsatz m-ten m-offset-one l-eight l-offset-two columns twelve\">Putin hatte vor fast vier Jahren den \u00dcberfall auf die Ukraine befohlen. Derzeit halten die russischen Truppen etwa ein F\u00fcnftel des ukrainischen Staatsgebiets, weitere Teile der Ukraine hat Russland v\u00f6lkerrechtswidrig f\u00fcr annektiert erkl\u00e4rt.<\/p>\n<p class=\"textabsatz m-ten m-offset-one l-eight l-offset-two columns twelve\">Mit Informationen von Dietrich Karl M\u00e4urer, ARD-Hauptstadtstudio<\/p>\n","protected":false},"excerpt":{"rendered":"Stand: 14.12.2025 \u2022 01:23 Uhr Heute zun\u00e4chst auf Beraterebene, morgen dann mit Spitzenpolitikern &#8211; in Berlin wird zwei&hellip;\n","protected":false},"author":2,"featured_media":856392,"comment_status":"","ping_status":"","sticky":false,"template":"","format":"standard","meta":{"footnotes":"","_share_on_mastodon":"0"},"categories":[1825],"tags":[1941,1939,296,1937,29,548,30,182,1940,1938,111,317,4872],"class_list":["post-856391","post","type-post","status-publish","format-standard","has-post-thumbnail","category-berlin","tag-aktuelle-nachrichten-aus-berlin","tag-aktuelle-news-aus-berlin","tag-berlin","tag-berlin-news","tag-deutschland","tag-eu","tag-germany","tag-merz","tag-nachrichten-aus-berlin","tag-news-aus-berlin","tag-putin","tag-ukraine","tag-witkoff"],"share_on_mastodon":{"url":"https:\/\/pubeurope.com\/@de\/116202194613214973","error":""},"_links":{"self":[{"href":"https:\/\/www.europesays.com\/de\/wp-json\/wp\/v2\/posts\/856391","targetHints":{"allow":["GET"]}}],"collection":[{"href":"https:\/\/www.europesays.com\/de\/wp-json\/wp\/v2\/posts"}],"about":[{"href":"https:\/\/www.europesays.com\/de\/wp-json\/wp\/v2\/types\/post"}],"author":[{"embeddable":true,"href":"https:\/\/www.europesays.com\/de\/wp-json\/wp\/v2\/users\/2"}],"replies":[{"embeddable":true,"href":"https:\/\/www.europesays.com\/de\/wp-json\/wp\/v2\/comments?post=856391"}],"version-history":[{"count":0,"href":"https:\/\/www.europesays.com\/de\/wp-json\/wp\/v2\/posts\/856391\/revisions"}],"wp:featuredmedia":[{"embeddable":true,"href":"https:\/\/www.europesays.com\/de\/wp-json\/wp\/v2\/media\/856392"}],"wp:attachment":[{"href":"https:\/\/www.europesays.com\/de\/wp-json\/wp\/v2\/media?parent=856391"}],"wp:term":[{"taxonomy":"category","embeddable":true,"href":"https:\/\/www.europesays.com\/de\/wp-json\/wp\/v2\/categories?post=856391"},{"taxonomy":"post_tag","embeddable":true,"href":"https:\/\/www.europesays.com\/de\/wp-json\/wp\/v2\/tags?post=856391"}],"curies":[{"name":"wp","href":"https:\/\/api.w.org\/{rel}","templated":true}]}}