{"id":856413,"date":"2026-03-10T01:16:18","date_gmt":"2026-03-10T01:16:18","guid":{"rendered":"https:\/\/www.europesays.com\/de\/856413\/"},"modified":"2026-03-10T01:16:18","modified_gmt":"2026-03-10T01:16:18","slug":"die-hoehle-der-loewen-ankerkraut-gruenderin-geht-baden-unterhaltung","status":"publish","type":"post","link":"https:\/\/www.europesays.com\/de\/856413\/","title":{"rendered":"\u201eDie H\u00f6hle der L\u00f6wen\u201c: Ankerkraut-Gr\u00fcnderin geht baden | Unterhaltung"},"content":{"rendered":"<p><a class=\"skip-content skip-content--link\" href=\"#in-content-skip-link-target-v-0-0\">TTS-Player \u00fcberspringen\u21b5<\/a><a id=\"in-content-skip-link-target-v-0-0\" class=\"skip-content--target-link-hidden skip-content skip-content--target-link\" href=\"#in-content-skip-link-target-v-0-0\">Artikel weiterlesen<\/a><\/p>\n<p>K\u00f6ln (Nordrhein-Westfalen) \u2013 <b>Bibber-Alarm bei den L\u00f6wen! Als ein Ger\u00e4t zum Eisbaden pr\u00e4sentiert wurde, traute sich Gastl\u00f6win Anne Lemcke (46) mutig ins kalte Wasser. Sie und ihr Ehemann Stefan (48) schrieben mit ihrem Gew\u00fcrz-Unternehmen Ankerkraut eine \u201eH\u00f6hle der L\u00f6wen\u201c-Erfolgsstory: Nach ihrem Deal wurde das Paar selbst zu Investoren, ihr eigenes Unternehmen wird auf einen Wert von 150 bis 200 Millionen Euro gesch\u00e4tzt.<\/b><\/p>\n<p>Jetzt wagen sie sich als Gastl\u00f6wen in die Show \u2013 und horchen auf, als Aurel Hampl (26) und Nicolai Trittmann (26) ihr Produkt \u201epool.down\u201c pr\u00e4sentieren. Damit soll es m\u00f6glich sein, Wasser in der Badewanne so abzuk\u00fchlen, dass man die Vorteile eines Eisbades genie\u00dfen kann: Stress reduzieren und das Immunsystem st\u00e4rken. Die Gr\u00fcnder erkl\u00e4ren: \u201eDas Wasser aus der Leitung hat 15 Grad. Es m\u00fcssten aber neun Grad sein.\u201c<\/p>\n<p><img decoding=\"async\" width=\"992\" height=\"662\" alt=\"Gastl\u00f6wen: Die \u201eAnkerkraut\u201c-Gr\u00fcnder Anne (46) und Stefan Lemcke (48) gaben sich am Montagabend die Ehre\" src=\"https:\/\/www.europesays.com\/de\/wp-content\/uploads\/2026\/03\/986d05aa79f4017a853b776e2884c384,cb2b353c.jpeg\"   class=\"dynamic\" loading=\"lazy\"\/><\/p>\n<p class=\"fig__caption__text\">Gastl\u00f6wen: Die Ankerkraut-Gr\u00fcnder Anne und Stefan Lemcke gaben sich am Montagabend die Ehre<\/p>\n<p>Foto: Bernd-Michael Maurer\/RTL<\/p>\n<p>\u201eH\u00f6hle der L\u00f6wen\u201c-Highlight: Eisbad in voller Montur<\/p>\n<p>Sie zeigen auf ihre eigens aufgebaute, gef\u00fcllte Badewanne und grinsen: \u201eWer von euch ist ein wirklicher L\u00f6we und traut sich da jetzt rein?\u201c <a href=\"https:\/\/www.bild.de\/unterhaltung\/tv\/die-hoehle-der-loewen\/die-hoehle-der-loewen-alle-infos-7OjMufhAvRZdTTa5Zckc\" class=\"text-link\" rel=\"nofollow noopener\" target=\"_blank\">\u201eH\u00f6hle der L\u00f6wen\u201c<\/a>-Urgestein <a href=\"https:\/\/www.bild.de\/leben-wissen\/mein-geld-finanzportal\/frank-thelen-packt-aus-diese-entscheidung-hat-mich-100-mio-euro-gekostet-69a05f3d552089128bc48435\" class=\"text-link\" rel=\"nofollow noopener\" target=\"_blank\">Frank Thelen<\/a> (50) erkl\u00e4rt, er habe keine Badehose. Anne Lemcke ist da viel mutiger. <\/p>\n<p>Sie m\u00f6chte mitsamt Kleid in die kalte Wanne steigen. Ihr Ehemann ist schockiert: \u201eAnne, ich kriege die Krise. Was machst du denn?\u201c Die ist \u00e4hnlich cool wie das Wasser: \u201eEr will sich nicht in Unterhose zeigen. Deshalb mache ich das jetzt.\u201c Stefan kontert in Richtung der Gr\u00fcnder: \u201eK\u00f6nntet ihr das noch ein bisschen runterk\u00fchlen?\u201c<\/p>\n<p>Mehr zum Thema<img decoding=\"async\" width=\"992\" height=\"662\" alt=\"Aurel Hampl (26, l.) und Nicolai Trittmann (26) pr\u00e4sentieren mit pool.down K\u00e4ltetherapie f\u00fcr Zuhause\" src=\"https:\/\/www.europesays.com\/de\/wp-content\/uploads\/2026\/03\/98a344a3bc0c72c85989af513be9faeb,48bd7b87.jpeg\"   class=\"dynamic\" loading=\"lazy\"\/><\/p>\n<p class=\"fig__caption__text\">Die Gr\u00fcnder Aurel Hampl (l.) und Nicolai Trittmann pr\u00e4sentieren mit pool.down K\u00e4ltetherapie f\u00fcr zu Hause<\/p>\n<p>Foto: Bernd-Michael Maurer\/RTL<\/p>\n<p>K\u00f6nnen die Gr\u00fcnder eiskalt einen Deal eint\u00fcten?<\/p>\n<p>Dann ist es so weit: In voller Montur legt sich Anne in die eiskalte Wanne und erkl\u00e4rt trocken: \u201eGanz ehrlich, das ist gar nicht schlimm.\u201c <a href=\"https:\/\/www.bild.de\/unterhaltung\/stars-und-leute\/carsten-maschmeyer-unternehmer-kritisiert-wirtschaftsbosse-698e0c94f2a7a9e035a9ff80\" class=\"text-link\" rel=\"nofollow noopener\" target=\"_blank\">Carsten Maschmeyer<\/a> (66) beeindruckt zu Ehemann Stefan: \u201eDu hast eine hammerm\u00e4\u00dfige Frau. Eine ganz mutige, tolle Nummer.\u201c<\/p>\n<p>Nach dem Eisbad geht es zur\u00fcck zum gesch\u00e4ftlichen Teil: 200.000 Euro m\u00f6chten die Gr\u00fcnder f\u00fcr 10 Prozent ihrer Firmenanteile. Den \u201epool.down\u201c f\u00fcr 1490 Euro finden jedoch alle L\u00f6wen zu teuer. Auch die kostenpflichtige Mitgliedschaft f\u00fcr die dazugeh\u00f6rige App \u00fcberzeugt nicht.<\/p>\n<p><img decoding=\"async\" width=\"992\" height=\"662\" alt=\"Nach dem Eisbad schl\u00fcpfte Gastl\u00f6win Anna in einen Bademantel\" src=\"https:\/\/www.europesays.com\/de\/wp-content\/uploads\/2026\/03\/5ff4a20f9e93f1f8a42859eace3af7bb,ebe4009f.jpeg\"   class=\"dynamic\" loading=\"lazy\"\/><\/p>\n<p class=\"fig__caption__text\">Nach dem Eisbad schl\u00fcpfte Gastl\u00f6win Anna in einen Bademantel<\/p>\n<p>Foto: Bernd-Michael Maurer\/RTL<\/p>\n<p>Thelen gibt zu bedenken, dass das Ger\u00e4t im Badezimmer ja dann wieder W\u00e4rme erzeugt, Maschmeyer ist ebenfalls raus: \u201eDie Bewertung ist zu hoch. Deshalb l\u00e4sst mich euer kaltes Wasser kalt.\u201c Die Lemckes sind zwar begeistert vom Produkt, am Ende investieren aber auch sie nicht, sodass die Gr\u00fcnder ohne Deal nach Hause gehen.<\/p>\n","protected":false},"excerpt":{"rendered":"TTS-Player \u00fcberspringen\u21b5Artikel weiterlesen K\u00f6ln (Nordrhein-Westfalen) \u2013 Bibber-Alarm bei den L\u00f6wen! Als ein Ger\u00e4t zum Eisbaden pr\u00e4sentiert wurde, traute&hellip;\n","protected":false},"author":2,"featured_media":856414,"comment_status":"","ping_status":"","sticky":false,"template":"","format":"standard","meta":{"footnotes":"","_share_on_mastodon":"0"},"categories":[155],"tags":[29,23366,214,30,30772,45,215,230,30774,30773],"class_list":["post-856413","post","type-post","status-publish","format-standard","has-post-thumbnail","category-unterhaltung","tag-deutschland","tag-die-hoehle-der-loewen","tag-entertainment","tag-germany","tag-maschmeyer-carsten","tag-texttospeech","tag-unterhaltung","tag-vox","tag-williams-judith","tag-woehrl-dagmar"],"share_on_mastodon":{"url":"https:\/\/pubeurope.com\/@de\/116202241788131478","error":""},"_links":{"self":[{"href":"https:\/\/www.europesays.com\/de\/wp-json\/wp\/v2\/posts\/856413","targetHints":{"allow":["GET"]}}],"collection":[{"href":"https:\/\/www.europesays.com\/de\/wp-json\/wp\/v2\/posts"}],"about":[{"href":"https:\/\/www.europesays.com\/de\/wp-json\/wp\/v2\/types\/post"}],"author":[{"embeddable":true,"href":"https:\/\/www.europesays.com\/de\/wp-json\/wp\/v2\/users\/2"}],"replies":[{"embeddable":true,"href":"https:\/\/www.europesays.com\/de\/wp-json\/wp\/v2\/comments?post=856413"}],"version-history":[{"count":0,"href":"https:\/\/www.europesays.com\/de\/wp-json\/wp\/v2\/posts\/856413\/revisions"}],"wp:featuredmedia":[{"embeddable":true,"href":"https:\/\/www.europesays.com\/de\/wp-json\/wp\/v2\/media\/856414"}],"wp:attachment":[{"href":"https:\/\/www.europesays.com\/de\/wp-json\/wp\/v2\/media?parent=856413"}],"wp:term":[{"taxonomy":"category","embeddable":true,"href":"https:\/\/www.europesays.com\/de\/wp-json\/wp\/v2\/categories?post=856413"},{"taxonomy":"post_tag","embeddable":true,"href":"https:\/\/www.europesays.com\/de\/wp-json\/wp\/v2\/tags?post=856413"}],"curies":[{"name":"wp","href":"https:\/\/api.w.org\/{rel}","templated":true}]}}