{"id":856756,"date":"2026-03-10T04:33:16","date_gmt":"2026-03-10T04:33:16","guid":{"rendered":"https:\/\/www.europesays.com\/de\/856756\/"},"modified":"2026-03-10T04:33:16","modified_gmt":"2026-03-10T04:33:16","slug":"meteoritenjaeger-stuermen-nach-koblenz-jagd-auf-fragmente","status":"publish","type":"post","link":"https:\/\/www.europesays.com\/de\/856756\/","title":{"rendered":"Meteoritenj\u00e4ger st\u00fcrmen nach Koblenz \u2013 Jagd auf Fragmente"},"content":{"rendered":"<p class=\"mb-6 text-xs md:text-m lg:text-l font-serif group-[.font-sans]:font-sans \">\n    Einschl\u00e4ge von Meteoriten wie in Koblenz am Sonntagabend besch\u00e4ftigen nicht nur Wissenschaftler, auch eine weltweite Gemeinschaft von Meteoritenj\u00e4gern fiebert dem seltenen Ph\u00e4nomen entgegen. In aller Eile brechen diese Begeisterten zu mitunter langen Reisen zum Ort des Einschlags auf. In Koblenz etwa geh\u00f6rte der Franzose Thierry Monter aus der Grenzstadt Thionville zu den Ersten, die sich noch im Dunkeln auf Spurensuche machten.\n  <\/p>\n<p class=\"mb-6 text-xs md:text-m lg:text-l font-serif group-[.font-sans]:font-sans \">\n    \u201eZun\u00e4chst einmal hat man als Meteoritenj\u00e4ger ein Netzwerk, das man sich \u00fcber die Jahre aufgebaut hat. Man hat viele Kontakte, sowohl zu Freunden, anderen Meteoritenj\u00e4gern als auch zu Wissenschaftlern, Enthusiasten und vielen anderen Menschen\u201c, erz\u00e4hlt er. Mindestens drei oder vier Nachrichten habe er zu dem Einschlag in Koblenz erhalten, nur zwei, drei Stunden Fahrzeit entfernt. \u201eAlso bin ich in mein <a href=\"https:\/\/www.ka-news.de\/auto\" target=\"_self\" class=\"underline \" rel=\"nofollow noopener\">Auto<\/a> gesprungen und kam gegen zwei oder drei Uhr morgens an.\u201c\n  <\/p>\n<p>            N\u00e4chtliche Suche am Einschlagort<\/p>\n<p class=\"mb-6 text-xs md:text-m lg:text-l font-serif group-[.font-sans]:font-sans \">\n    Normalerweise starte er vor Ort mit einer Erkundung, das sei eine langwierige Arbeit. \u201eIch hatte zumindest den Namen der Stra\u00dfe. Also bin ich die ganze Stra\u00dfe abgelaufen und habe mich nach beiden Seiten umgesehen, um zu sehen, ob ich Spuren von zerbrochenen Dachziegeln finden und das Haus identifizieren konnte.\u201c Oft sammelten Feuerwehrleute, Polizisten und Privatleute Meteoritenteile ein, \u00fcbers\u00e4hen aber immer etwas, sagt Monter. \u201eEs bleiben Fragmente zur\u00fcck, es bleiben Teile zur\u00fcck.\u201c Deshalb m\u00fcsse man schnell sein, ehe Menschen unbedarft auf die Reste des Meteoriten treten und diese besch\u00e4digen.\n  <\/p>\n<p class=\"mb-6 text-xs md:text-m lg:text-l font-serif group-[.font-sans]:font-sans \">\n    Eine Nachbarin im Stadtteil G\u00fcls habe ihm netterweise den Zugang zu einem Hinterhof erm\u00f6glicht, um dort nach Fragmenten des Meteoriten zu suchen. \u201eIch habe wirklich so schnell wie m\u00f6glich alles gesammelt, was ich konnte, um zu verhindern, dass sie zerst\u00f6rt werden.\u201c Normalerweise machten Meteoritenj\u00e4ger eine quasi wissenschaftliche Bestandsaufnahme vor Ort einschlie\u00dflich Fotos, im Hinterhof aber habe es gro\u00dfes Gedr\u00e4nge und einen Auflauf von Journalisten gegeben, erz\u00e4hlt der Franzose.\n  <\/p>\n<p>            Wertvolle Fundst\u00fccke in Dosen<\/p>\n<p class=\"mb-6 text-xs md:text-m lg:text-l font-serif group-[.font-sans]:font-sans \">\n    Seine Fundst\u00fccke habe er schnell in kleine, gesch\u00fctzte Dosen gepackt. \u201eEs sind sehr, sehr kleine Fragmente. Ich hatte keine Zeit, sie zu wiegen oder irgendetwas zu \u00fcberpr\u00fcfen, aber ich habe vielleicht zwanzig Gramm.\u201c Das sei wirklich sehr wenig, aber das mache nichts. \u201eDas macht nichts. Ich bin sehr, sehr gl\u00fccklich. Es ist ein sehr sch\u00f6ner Meteorit.\u201c Gut sei, dass es keinen Regen gegeben habe, der die Fragmente habe in Mitleidenschaft ziehen k\u00f6nnen.\n  <\/p>\n<p class=\"mb-6 text-xs md:text-m lg:text-l font-serif group-[.font-sans]:font-sans \">\n    Mit der Sicherstellung der Teile ist der Einsatz f\u00fcr den Meteoritenj\u00e4ger aber l\u00e4ngst noch nicht zu Ende. \u201eJetzt werde ich zwei Wochen lang weiter suchen. Und alle Untersuchungen und so weiter f\u00fchre ich nach meiner R\u00fcckkehr zu Hause durch.\u201c\n  <\/p>\n<p class=\"mb-6 text-xs md:text-m lg:text-l font-serif group-[.font-sans]:font-sans \">\n    Dass der 62-J\u00e4hrige sein Hobby, dem er seit zehn Jahren nachgeht, so spontan mit seinem Beruf vereinbaren kann, ist nur m\u00f6glich, weil er selbstst\u00e4ndig ist. \u201eIch bin Grafikdesigner. Ich habe meine eigene kleine Kommunikations- und Designagentur und bin selbstst\u00e4ndig, ein sogenannter Freiberufler.\u201c\n  <\/p>\n<p>    <img decoding=\"async\" src=\"https:\/\/www.europesays.com\/de\/wp-content\/uploads\/2026\/03\/teile-eines-meteorit-liegen-in-koblenz-auf-einer-papiertuete.jpg\" alt=\"Meteoritenj\u00e4ger unterziehen ihre Fundst\u00fccke einer eingehenden Untersuchung.\" title=\"Meteoritenj\u00e4ger unterziehen ihre Fundst\u00fccke einer eingehenden Untersuchung.\" loading=\"lazy\" class=\"h-full w-full object-cover\"\/><\/p>\n<p>      Icon vergr\u00f6\u00dfern<\/p>\n<p>    Meteoritenj\u00e4ger unterziehen ihre Fundst\u00fccke einer eingehenden Untersuchung.<br \/>\n    Foto: Thomas Frey\/dpa\/dpa-tmn<\/p>\n<p>        Schlie\u00dfen <\/p>\n<p>      Icon Schlie\u00dfen<\/p>\n<p>        Icon vergr\u00f6\u00dfern<\/p>\n<p>        Icon verkleinern<\/p>\n<p>      Icon Pfeil bewegen<\/p>\n<p>    Meteoritenj\u00e4ger unterziehen ihre Fundst\u00fccke einer eingehenden Untersuchung.<br \/>\n    Foto: Thomas Frey\/dpa\/dpa-tmn<\/p>\n<p>    <img decoding=\"async\" src=\"https:\/\/www.europesays.com\/de\/wp-content\/uploads\/2026\/03\/lichtspektakel-teile-eines-meteoriten-beschaedigen-haeuser.jpg\" alt=\"Einsatzkr\u00e4fte veranstalten nach dem Meteoriteneinschlag eine improvisierte Pressekonferenz am Feuerwehrhaus in Koblenz-G\u00fcls.\" title=\"Einsatzkr\u00e4fte veranstalten nach dem Meteoriteneinschlag eine improvisierte Pressekonferenz am Feuerwehrhaus in Koblenz-G\u00fcls.\" loading=\"lazy\" class=\"h-full w-full object-cover\"\/><\/p>\n<p>      Icon vergr\u00f6\u00dfern<\/p>\n<p>    Einsatzkr\u00e4fte veranstalten nach dem Meteoriteneinschlag eine improvisierte Pressekonferenz am Feuerwehrhaus in Koblenz-G\u00fcls.<br \/>\n    Foto: Thomas Frey\/dpa<\/p>\n<p>        Schlie\u00dfen <\/p>\n<p>      Icon Schlie\u00dfen<\/p>\n<p>        Icon vergr\u00f6\u00dfern<\/p>\n<p>        Icon verkleinern<\/p>\n<p>      Icon Pfeil bewegen<\/p>\n<p>    Einsatzkr\u00e4fte veranstalten nach dem Meteoriteneinschlag eine improvisierte Pressekonferenz am Feuerwehrhaus in Koblenz-G\u00fcls.<br \/>\n    Foto: Thomas Frey\/dpa<\/p>\n<ul data-module-id=\"DragDropModule\" class=\"flex flex-wrap justify-start group-[.no-bookmarks]:hidden\">\n<li class=\"mb-3 mr-3\">\n    Koblenz<\/p>\n<p>      Icon Haken im Kreis gesetzt<\/p>\n<p>      Icon Plus im Kreis<\/p>\n<\/li>\n<li class=\"mb-3 mr-3\">\n    Einschlag<\/p>\n<p>      Icon Haken im Kreis gesetzt<\/p>\n<p>      Icon Plus im Kreis<\/p>\n<\/li>\n<li class=\"mb-3 mr-3\">\n    Meteorit<\/p>\n<p>      Icon Haken im Kreis gesetzt<\/p>\n<p>      Icon Plus im Kreis<\/p>\n<\/li>\n<\/ul>\n","protected":false},"excerpt":{"rendered":"Einschl\u00e4ge von Meteoriten wie in Koblenz am Sonntagabend besch\u00e4ftigen nicht nur Wissenschaftler, auch eine weltweite Gemeinschaft von Meteoritenj\u00e4gern&hellip;\n","protected":false},"author":2,"featured_media":856757,"comment_status":"","ping_status":"","sticky":false,"template":"","format":"standard","meta":{"footnotes":"","_share_on_mastodon":"0"},"categories":[3974],"tags":[331,332,513,35734,548,663,3934,190163,3980,156,13,1425,18622,14,15,12,190164,190165],"class_list":["post-856756","post","type-post","status-publish","format-standard","has-post-thumbnail","category-frankreich","tag-aktuelle-nachrichten","tag-aktuelle-news","tag-auto","tag-einschlag","tag-eu","tag-europa","tag-europe","tag-fragment","tag-france","tag-frankreich","tag-headlines","tag-koblenz","tag-meteorit","tag-nachrichten","tag-news","tag-schlagzeilen","tag-thierry-monter","tag-thionville"],"share_on_mastodon":{"url":"https:\/\/pubeurope.com\/@de\/116203016020693809","error":""},"_links":{"self":[{"href":"https:\/\/www.europesays.com\/de\/wp-json\/wp\/v2\/posts\/856756","targetHints":{"allow":["GET"]}}],"collection":[{"href":"https:\/\/www.europesays.com\/de\/wp-json\/wp\/v2\/posts"}],"about":[{"href":"https:\/\/www.europesays.com\/de\/wp-json\/wp\/v2\/types\/post"}],"author":[{"embeddable":true,"href":"https:\/\/www.europesays.com\/de\/wp-json\/wp\/v2\/users\/2"}],"replies":[{"embeddable":true,"href":"https:\/\/www.europesays.com\/de\/wp-json\/wp\/v2\/comments?post=856756"}],"version-history":[{"count":0,"href":"https:\/\/www.europesays.com\/de\/wp-json\/wp\/v2\/posts\/856756\/revisions"}],"wp:featuredmedia":[{"embeddable":true,"href":"https:\/\/www.europesays.com\/de\/wp-json\/wp\/v2\/media\/856757"}],"wp:attachment":[{"href":"https:\/\/www.europesays.com\/de\/wp-json\/wp\/v2\/media?parent=856756"}],"wp:term":[{"taxonomy":"category","embeddable":true,"href":"https:\/\/www.europesays.com\/de\/wp-json\/wp\/v2\/categories?post=856756"},{"taxonomy":"post_tag","embeddable":true,"href":"https:\/\/www.europesays.com\/de\/wp-json\/wp\/v2\/tags?post=856756"}],"curies":[{"name":"wp","href":"https:\/\/api.w.org\/{rel}","templated":true}]}}