{"id":856776,"date":"2026-03-10T04:43:17","date_gmt":"2026-03-10T04:43:17","guid":{"rendered":"https:\/\/www.europesays.com\/de\/856776\/"},"modified":"2026-03-10T04:43:17","modified_gmt":"2026-03-10T04:43:17","slug":"untereisenheim-weltgebetstag-der-frauen","status":"publish","type":"post","link":"https:\/\/www.europesays.com\/de\/856776\/","title":{"rendered":"Untereisenheim: Weltgebetstag der Frauen"},"content":{"rendered":"<p class=\"mb-6 text-xs md:text-m lg:text-l font-serif group-[.font-sans]:font-sans \">\n    Den Weltgebetstag der Frauen aus Nigeria unter dem Motto: \u201eKommt, bringt eure Last\u201c aus dem Johannesevangelium feierten wir mit Bilderpr\u00e4sentation \u00fcber das Land, Gottesdienst und gem\u00fctlichem Beisammensein im Rathaus. Das Vorbereitungsteam aus Unter- und Obereisenheim gestaltete den Abend und freute sich \u00fcber die rund 50 mitfeiernden Frauen aus den umliegenden Ortschaften. Neben dem Gottesdienst mit landestypischen Liedern, Gebeten und gro\u00dfz\u00fcgigen Spenden f\u00fcr das Land fanden die kulinarischen K\u00f6stlichkeiten und Eint\u00f6pfe gro\u00dfen Anklang.\n  <\/p>\n<p>    Dieser Inhalt wird uns zur Verf\u00fcgung gestellt<\/p>\n<p class=\"mb-6 text-xs md:text-m lg:text-l font-serif group-[.font-sans]:font-sans \">\n    Wir ver\u00f6ffentlichen Beitr\u00e4ge von Vereinen, Schulen sowie anderen Gruppierungen und Einrichtungen aus Unterfranken. Sie k\u00f6nnen sich mit selbst beigesteuerten Texten und Bildern \u00f6ffentlichkeitswirksam pr\u00e4sentieren.\n  <\/p>\n<p class=\"mb-6 text-xs md:text-m lg:text-l font-serif group-[.font-sans]:font-sans \">\n    Wenn Sie etwas beisteuern wollen, dann laden Sie Ihren Text und ggf. Bilder \u00fcber unser Portal unter <a href=\"https:\/\/upload.mainpost.de\/\" rel=\"nofollow noopener\" target=\"_blank\" class=\"underline \">https:\/\/upload.mainpost.de\/<\/a> hoch. Unsere Redaktion pr\u00fcft, was ver\u00f6ffentlicht werden kann &#8211; in der Zeitung genau wie auf <a href=\"https:\/\/www.mainpost.de\/\" rel=\"nofollow noopener\" target=\"_blank\" class=\"underline \">www.mainpost.de<\/a>\n  <\/p>\n<p class=\"mb-6 text-xs md:text-m lg:text-l font-serif group-[.font-sans]:font-sans \">\n    Mit dem neuen Angebot wollen wir unsere regionale Verankerung weiter festigen und ausweiten. Machen Sie mit &#8211; wir freuen uns auf Ihre Neuigkeiten!\n  <\/p>\n<ul data-module-id=\"DragDropModule\" class=\"flex flex-wrap justify-start group-[.no-bookmarks]:hidden\">\n<li class=\"mb-3 mr-3\">\n    Weltgebetstag<\/p>\n<p>      Icon Haken im Kreis gesetzt<\/p>\n<p>      Icon Plus im Kreis<\/p>\n<\/li>\n<li class=\"mb-3 mr-3\">\n    Untereisenheim<\/p>\n<p>      Icon Haken im Kreis gesetzt<\/p>\n<p>      Icon Plus im Kreis<\/p>\n<\/li>\n<li class=\"mb-3 mr-3\">\n    Nigeria<\/p>\n<p>      Icon Haken im Kreis gesetzt<\/p>\n<p>      Icon Plus im Kreis<\/p>\n<\/li>\n<\/ul>\n","protected":false},"excerpt":{"rendered":"Den Weltgebetstag der Frauen aus Nigeria unter dem Motto: \u201eKommt, bringt eure Last\u201c aus dem Johannesevangelium feierten wir&hellip;\n","protected":false},"author":2,"featured_media":856777,"comment_status":"","ping_status":"","sticky":false,"template":"","format":"standard","meta":{"footnotes":"","_share_on_mastodon":"0"},"categories":[1837],"tags":[772,190168,3364,29,30,19789,190169,190172,13235,3783,190171,190167,190170,185828],"class_list":["post-856776","post","type-post","status-publish","format-standard","has-post-thumbnail","category-nuernberg","tag-bayern","tag-bilderpraesentation","tag-de","tag-deutschland","tag-germany","tag-gottesdienst","tag-johannesevangelium","tag-mitfeiernde","tag-nigeria","tag-nuernberg","tag-obereisenheim","tag-untereisenheim","tag-vorbereitungsteam","tag-weltgebetstag"],"share_on_mastodon":{"url":"https:\/\/pubeurope.com\/@de\/116203055104531319","error":""},"_links":{"self":[{"href":"https:\/\/www.europesays.com\/de\/wp-json\/wp\/v2\/posts\/856776","targetHints":{"allow":["GET"]}}],"collection":[{"href":"https:\/\/www.europesays.com\/de\/wp-json\/wp\/v2\/posts"}],"about":[{"href":"https:\/\/www.europesays.com\/de\/wp-json\/wp\/v2\/types\/post"}],"author":[{"embeddable":true,"href":"https:\/\/www.europesays.com\/de\/wp-json\/wp\/v2\/users\/2"}],"replies":[{"embeddable":true,"href":"https:\/\/www.europesays.com\/de\/wp-json\/wp\/v2\/comments?post=856776"}],"version-history":[{"count":0,"href":"https:\/\/www.europesays.com\/de\/wp-json\/wp\/v2\/posts\/856776\/revisions"}],"wp:featuredmedia":[{"embeddable":true,"href":"https:\/\/www.europesays.com\/de\/wp-json\/wp\/v2\/media\/856777"}],"wp:attachment":[{"href":"https:\/\/www.europesays.com\/de\/wp-json\/wp\/v2\/media?parent=856776"}],"wp:term":[{"taxonomy":"category","embeddable":true,"href":"https:\/\/www.europesays.com\/de\/wp-json\/wp\/v2\/categories?post=856776"},{"taxonomy":"post_tag","embeddable":true,"href":"https:\/\/www.europesays.com\/de\/wp-json\/wp\/v2\/tags?post=856776"}],"curies":[{"name":"wp","href":"https:\/\/api.w.org\/{rel}","templated":true}]}}