{"id":857081,"date":"2026-03-10T07:41:16","date_gmt":"2026-03-10T07:41:16","guid":{"rendered":"https:\/\/www.europesays.com\/de\/857081\/"},"modified":"2026-03-10T07:41:16","modified_gmt":"2026-03-10T07:41:16","slug":"anmeldung-fuer-girlsday-und-boysday-an-der-tu-dortmund-gestartet","status":"publish","type":"post","link":"https:\/\/www.europesays.com\/de\/857081\/","title":{"rendered":"Anmeldung f\u00fcr Girls*Day und Boys*Day an der TU Dortmund gestartet"},"content":{"rendered":"<p>In 22 Workshops k\u00f6nnen Sch\u00fcler*innen bei den Aktionstagen Girls*Day und Boys*Day an der TU Dortmund Einblick in verschiedene Fakult\u00e4ten und Einrichtungen der Universit\u00e4t gewinnen. Die Aktionstage bieten M\u00e4dchen und Jungen die M\u00f6glichkeit, sich beruflich zu orientieren und Studieng\u00e4nge kennenzulernen, in denen ihr Geschlecht bislang unterrepr\u00e4sentiert ist.<\/p>\n<p>An der TU Dortmund k\u00f6nnen die M\u00e4dchen beim Girls*Day an 17 verschiedenen Workshops mit MINT-Schwerpunkt (Mathematik, Informatik, Naturwissenschaften und Technik) teilnehmen. Dort k\u00f6nnen sie zum Beispiel mehr \u00fcber K\u00fcnstliche Intelligenz erfahren, ihr handwerkliches Geschick in der Werkstatt zeigen oder den Alltag einer Physikerin kennenlernen. Beim Boys*Day stellen sich Bereiche mit gesellschafts- und kulturwissenschaftlichen Schwerpunkten vor. In f\u00fcnf Workshops haben die Teilnehmer unter anderem die M\u00f6glichkeit, die Rehabilitationsp\u00e4dagogik kennenzulernen oder sich mit Psycholinguistik zu besch\u00e4ftigen.<\/p>\n<p>Insgesamt stehen beim Girls*Day und Boys*Day knapp 300 Pl\u00e4tze in den Angeboten der verschiedenen Fakult\u00e4ten und Einrichtungen zur Verf\u00fcgung. Die Veranstaltung beginnt um 08:45\u202fUhr im Rudolf-Chaudoire-Pavillon (Campus S\u00fcd) und endet gegen 15:00\u202fUhr.<\/p>\n<p>Die Anmeldung f\u00fcr die Workshops der TU Dortmund erfolgt \u00fcber die offiziellen Webseiten des <a href=\"https:\/\/www.girls-day.de\/\" target=\"_blank\" class=\"external\" title=\"Zur Girls*Day-Webseite\" rel=\"noreferrer nofollow noopener\">Girls*Day<\/a> und <a href=\"https:\/\/www.boys-day.de\/\" target=\"_blank\" class=\"external\" title=\"Zur Boys*Day-Webseite\" rel=\"noreferrer nofollow noopener\">Boys*Day<\/a>. Die Teilnahme ist kostenfrei.<\/p>\n<p><a href=\"https:\/\/gleichstellung.tu-dortmund.de\/projekte\/girlsday-1\/\" target=\"_blank\" class=\"deviant btn icon-btn btn-external\" title=\"Girls*Day\" rel=\"nofollow noopener\"><strong>Weitere Informationen zum Girls*Day an der TU Dortmund<\/strong><\/a><\/p>\n<p><a href=\"https:\/\/gleichstellung.tu-dortmund.de\/projekte\/boysday-1\/\" target=\"_blank\" class=\"deviant btn icon-btn btn-external\" title=\"Boys*Day\" rel=\"nofollow noopener\"><strong>Weitere Informationen zum Boys*Day an der TU Dortmund<\/strong><\/a><\/p>\n<p><strong>Ansprechperson bei R\u00fcckfragen:<\/strong><\/p>\n","protected":false},"excerpt":{"rendered":"In 22 Workshops k\u00f6nnen Sch\u00fcler*innen bei den Aktionstagen Girls*Day und Boys*Day an der TU Dortmund Einblick in verschiedene&hellip;\n","protected":false},"author":2,"featured_media":857082,"comment_status":"","ping_status":"","sticky":false,"template":"","format":"standard","meta":{"footnotes":"","_share_on_mastodon":"0"},"categories":[1833],"tags":[11621,36716,174194,3364,29,217,30,190218,174193,4025,4795,94916,1209,966,190217,190219,20239,11409,1889,10908],"class_list":["post-857081","post","type-post","status-publish","format-standard","has-post-thumbnail","category-dortmund","tag-uni","tag-berufsorientierung","tag-boysday","tag-de","tag-deutschland","tag-dortmund","tag-germany","tag-geschlechterklischees","tag-girlsday","tag-gleichstellung","tag-mint","tag-nachwuchsfoerderung","tag-nordrhein-westfalen","tag-schule","tag-studienorientierung","tag-studienwahl","tag-tu-dortmund","tag-workshops","tag-zukunft","tag-zukunftstag"],"share_on_mastodon":{"url":"https:\/\/pubeurope.com\/@de\/116203755146719224","error":""},"_links":{"self":[{"href":"https:\/\/www.europesays.com\/de\/wp-json\/wp\/v2\/posts\/857081","targetHints":{"allow":["GET"]}}],"collection":[{"href":"https:\/\/www.europesays.com\/de\/wp-json\/wp\/v2\/posts"}],"about":[{"href":"https:\/\/www.europesays.com\/de\/wp-json\/wp\/v2\/types\/post"}],"author":[{"embeddable":true,"href":"https:\/\/www.europesays.com\/de\/wp-json\/wp\/v2\/users\/2"}],"replies":[{"embeddable":true,"href":"https:\/\/www.europesays.com\/de\/wp-json\/wp\/v2\/comments?post=857081"}],"version-history":[{"count":0,"href":"https:\/\/www.europesays.com\/de\/wp-json\/wp\/v2\/posts\/857081\/revisions"}],"wp:featuredmedia":[{"embeddable":true,"href":"https:\/\/www.europesays.com\/de\/wp-json\/wp\/v2\/media\/857082"}],"wp:attachment":[{"href":"https:\/\/www.europesays.com\/de\/wp-json\/wp\/v2\/media?parent=857081"}],"wp:term":[{"taxonomy":"category","embeddable":true,"href":"https:\/\/www.europesays.com\/de\/wp-json\/wp\/v2\/categories?post=857081"},{"taxonomy":"post_tag","embeddable":true,"href":"https:\/\/www.europesays.com\/de\/wp-json\/wp\/v2\/tags?post=857081"}],"curies":[{"name":"wp","href":"https:\/\/api.w.org\/{rel}","templated":true}]}}