{"id":857196,"date":"2026-03-10T08:47:16","date_gmt":"2026-03-10T08:47:16","guid":{"rendered":"https:\/\/www.europesays.com\/de\/857196\/"},"modified":"2026-03-10T08:47:16","modified_gmt":"2026-03-10T08:47:16","slug":"gzd-zoll-ueberprueft-das-baugewerbe-bundesweite-schwerpunktpruefung","status":"publish","type":"post","link":"https:\/\/www.europesays.com\/de\/857196\/","title":{"rendered":"GZD: Zoll \u00fcberpr\u00fcft das Baugewerbe &#8211; bundesweite Schwerpunktpr\u00fcfung"},"content":{"rendered":"<p class=\"date\">10.03.2026 \u2013 09:00<\/p>\n<p class=\"customer\">\n                        <a class=\"story-customer\" title=\"weiter zum newsroom von Generalzolldirektion\" href=\"https:\/\/www.presseportal.de\/blaulicht\/nr\/120080\" rel=\"nofollow noopener\" target=\"_blank\">Generalzolldirektion<\/a>\n                    <\/p>\n<p><a class=\"glightbox event-trigger\" href=\"https:\/\/cache.pressmailing.net\/thumbnail\/story_hires\/4664708e-7244-4543-aa0a-9e38c68b293b\/FKS-SPPBaugewerbe.JPG.jpg\" data-description=\"Foto:Quelle Zoll\" data-category=\"medialightbox\" data-action=\"click\" data-label=\"single\" data-value=\"69afcf93270000fd2cebc949\" rel=\"nofollow noopener\" target=\"_blank\"><img decoding=\"async\" height=\"540\" with=\"720\" src=\"https:\/\/www.europesays.com\/de\/wp-content\/uploads\/2026\/03\/gzd-zoll-berpr-ft-das-baugewerbe-bundesweite-schwerpunktpr-fung.jpeg\"   alt=\"GZD: Zoll \u00fcberpr\u00fcft das Baugewerbe - bundesweite Schwerpunktpr\u00fcfung\" class=\"single\"\/><\/a><\/p>\n<p><a data-category=\"citylink-story-view\" data-action=\"click\" data-label=\"Citylink in Meldungsansicht\" class=\"story-city event-trigger\" href=\"https:\/\/www.presseportal.de\/regional\/Bonn\" title=\"News aus Bonn \" rel=\"nofollow noopener\" target=\"_blank\">Bonn<\/a> (ots)<\/p>\n<p>Die Finanzkontrolle Schwarzarbeit des Zolls (FKS) f\u00fchrt heute bundesweit eine konzertierte, risikoorientierte Schwerpunktpr\u00fcfung gegen Schwarzarbeit und illegale Besch\u00e4ftigung in der Baubranche durch.<br \/>\nRund 3.200 Z\u00f6llnerinnen und Z\u00f6llner aller Hauptzoll\u00e4mter sind auf Baustellen im Einsatz, um zu \u00fcberpr\u00fcfen, ob Arbeitgeber ihre Besch\u00e4ftigten ordnungsgem\u00e4\u00df zur Sozialversicherung angemeldet haben, ob Sozialleistungen zu Unrecht bezogen werden oder wurden, ob Ausl\u00e4n-der die f\u00fcr die Aufnahme einer Besch\u00e4ftigung erforderlichen Arbeitsgenehmigungen bzw. Aufenthaltstitel haben und ob die Mindestl\u00f6hne eingehalten werden.<br \/>\nDie Pr\u00fcfungen erfolgen durch Personenbefragungen und\/oder Pr\u00fcfungen der Gesch\u00e4ftsunterlagen.<br \/>\nDer Zoll legt bei seiner Aufgabenwahrnehmung nach dem Schwarzarbeitsbek\u00e4mpfungsgesetz (SchwarzArbG) aufgrund der volkswirtschaftlichen Bedeutung einen besonderen Fokus auf das Baugewerbe. Die FKS hat im Jahr 2025 im Bauhaupt- und Baunebengewerbe inklusive der Branchen des Dachdecker-, Elektro-, Ger\u00fcstbauer-, Maler- und Lackiererhandwerks sowie des Steinmetz- und Steinbildhauergewerbes bundesweit \u00fcber 10.000 Strafverfahren und knapp 7.900 Ordnungswidrigkeitenverfahren eingeleitet. Rund 60 Prozent der im Jahr 2025 durch die FKS festgestellten Schadenssumme sind auf die Baubranche zur\u00fcckzuf\u00fchren (alle Jahresergebnisse der FKS: <a target=\"_blank\" class=\"uri-ext outbound\" rel=\"noopener nofollow\" href=\"https:\/\/www.zoll.de\/DE\/Fachthemen\/Arbeit\/Bekaempfung-der-Schwarzarbeit-und-illegalen-Beschaeftigung\/Statistikveroeffentlichung\/statistikveroeffentlichung_node.html#vt-sprg-4\">https:\/\/www.zoll.de\/DE\/Fachthemen\/Arbeit\/Bekaempfung-der-Schwarzarbeit-und-illegalen-Beschaeftigung\/Statistikveroeffentlichung\/statistikveroeffentlichung_node.html#vt-sprg-4<\/a>)<\/p>\n<p>Die Pr\u00fcfungen vor Ort sind oft nur der Auftakt f\u00fcr tiefgreifende Ermittlungen der FKS. Dass diese zu empfindlichen Strafen f\u00fchren k\u00f6nnen, zeigt ein aktuelles Strafverfahren vor dem Landgericht Dortmund, das einen Angeklagten zu einer Haftstrafe von knapp drei Jahren verurteilt hat, weil er mit seinem Bauunternehmen in \u00fcber 50 F\u00e4llen Arbeitsentgelt vorenthalten hat. Die Ermittler deckten dabei einen Gesamtschaden von knapp 2,7 Millionen Euro auf.<\/p>\n<p>Die heutigen Pr\u00fcfungen des Zolls werden noch bis in die Abendstunden fortgef\u00fchrt. Eine Pressemitteilung mit den vorl\u00e4ufigen Gesamtergebnissen wird voraussichtlich im Laufe des morgigen Tages bekanntgegeben.<\/p>\n<p>Zusatzinformation<\/p>\n<p>Die FKS f\u00fchrt regelm\u00e4\u00dfig bundesweite Schwerpunkt- und Sonderpr\u00fcfungen auf Basis des risikoorientierten Pr\u00fcfungsansatzes durch. Diese konzertierten Pr\u00fcfungen sind ein wichtiges Instrument zur Senkung der gesellschaftlichen Akzeptanz von Schwarzarbeit und illegaler Besch\u00e4ftigung und tragen zus\u00e4tzlich zur fl\u00e4chendeckenden Aufdeckung und Ahndung von Verst\u00f6\u00dfen bei.<br \/>\nIm Dachdecker-, Elektro-, Ger\u00fcstbauer- sowie Maler- und Lackiererhandwerk gelten branchenspezifische Mindestl\u00f6hne. In allen anderen Branchen des Baugewerbes gilt der allgemeine gesetzliche Mindestlohn, der seit dem 1. Januar 2026 13,90 Euro pro Stunde betr\u00e4gt.<\/p>\n<p class=\"contact-headline\">R\u00fcckfragen bitte an:<\/p>\n<p class=\"contact-text\">Generalzolldirektion<br \/>Sarah Garbers<br \/>Telefon: 0228\/303-11122<br \/>E-Mail: <a href=\"https:\/\/www.presseportal.de\/blaulicht\/pm\/120080\/mailto: Pressestelle.GZD@zoll.bund.de\" class=\"uri-mailto\" rel=\"nofollow noopener\" target=\"_blank\"> Pressestelle.GZD@zoll.bund.de<\/a><br \/><a target=\"_blank\" class=\"uri-ext outbound\" rel=\"noopener nofollow\" href=\"http:\/\/www.zoll.de\">http:\/\/www.zoll.de<\/a><\/p>\n<p class=\"originator\">Original-Content von: Generalzolldirektion, \u00fcbermittelt durch news aktuell<\/p>\n","protected":false},"excerpt":{"rendered":"10.03.2026 \u2013 09:00 Generalzolldirektion Bonn (ots) Die Finanzkontrolle Schwarzarbeit des Zolls (FKS) f\u00fchrt heute bundesweit eine konzertierte, risikoorientierte&hellip;\n","protected":false},"author":2,"featured_media":857197,"comment_status":"","ping_status":"","sticky":false,"template":"","format":"standard","meta":{"footnotes":"","_share_on_mastodon":"0"},"categories":[1842],"tags":[1140,2696,1741,6187,2918,3364,29,30,7309,1087,691,177,1352,5404,1209,176,178,180,179,181,17273,5719,17990,38044,14110,34466,28466,615],"class_list":["post-857196","post","type-post","status-publish","format-standard","has-post-thumbnail","category-bonn","tag-arbeit","tag-bb","tag-bonn","tag-bw","tag-by","tag-de","tag-deutschland","tag-germany","tag-hb","tag-he","tag-hh","tag-kriminalitt","tag-mv","tag-ni","tag-nordrhein-westfalen","tag-nrw","tag-presse","tag-pressemeldung","tag-pressemitteilung","tag-pressemitteilungen","tag-rp","tag-schwarzarbeit","tag-sh","tag-sl","tag-sn","tag-st","tag-th","tag-zoll"],"share_on_mastodon":{"url":"https:\/\/pubeurope.com\/@de\/116204014464196720","error":""},"_links":{"self":[{"href":"https:\/\/www.europesays.com\/de\/wp-json\/wp\/v2\/posts\/857196","targetHints":{"allow":["GET"]}}],"collection":[{"href":"https:\/\/www.europesays.com\/de\/wp-json\/wp\/v2\/posts"}],"about":[{"href":"https:\/\/www.europesays.com\/de\/wp-json\/wp\/v2\/types\/post"}],"author":[{"embeddable":true,"href":"https:\/\/www.europesays.com\/de\/wp-json\/wp\/v2\/users\/2"}],"replies":[{"embeddable":true,"href":"https:\/\/www.europesays.com\/de\/wp-json\/wp\/v2\/comments?post=857196"}],"version-history":[{"count":0,"href":"https:\/\/www.europesays.com\/de\/wp-json\/wp\/v2\/posts\/857196\/revisions"}],"wp:featuredmedia":[{"embeddable":true,"href":"https:\/\/www.europesays.com\/de\/wp-json\/wp\/v2\/media\/857197"}],"wp:attachment":[{"href":"https:\/\/www.europesays.com\/de\/wp-json\/wp\/v2\/media?parent=857196"}],"wp:term":[{"taxonomy":"category","embeddable":true,"href":"https:\/\/www.europesays.com\/de\/wp-json\/wp\/v2\/categories?post=857196"},{"taxonomy":"post_tag","embeddable":true,"href":"https:\/\/www.europesays.com\/de\/wp-json\/wp\/v2\/tags?post=857196"}],"curies":[{"name":"wp","href":"https:\/\/api.w.org\/{rel}","templated":true}]}}