{"id":857228,"date":"2026-03-10T09:05:15","date_gmt":"2026-03-10T09:05:15","guid":{"rendered":"https:\/\/www.europesays.com\/de\/857228\/"},"modified":"2026-03-10T09:05:15","modified_gmt":"2026-03-10T09:05:15","slug":"victor6g-gestartet-neues-forschungsprojekt-fuer-echtzeitfaehige-virtualisierung-in","status":"publish","type":"post","link":"https:\/\/www.europesays.com\/de\/857228\/","title":{"rendered":"VICTOR6G gestartet: Neues Forschungsprojekt f\u00fcr echtzeitf\u00e4hige Virtualisierung in &#8230;"},"content":{"rendered":"<p class=\"date\">10.03.2026 \u2013 10:00<\/p>\n<p class=\"customer\">\n                        <a class=\"story-customer\" title=\"weiter zum newsroom von Ericsson GmbH\" href=\"https:\/\/www.presseportal.de\/nr\/13502\" rel=\"nofollow noopener\" target=\"_blank\">Ericsson GmbH<\/a>\n                    <\/p>\n<p><a class=\"glightbox event-trigger\" href=\"https:\/\/cache.pressmailing.net\/thumbnail\/story_hires\/1608b63d-4cff-4e2c-a706-d80e0a340c0b\/Monitoring%20of%20Indust~manufacturing%205.jpg.jpg\" data-description=\"Automatisierung von Industrierobotern \/ Weiterer Text \u00fcber ots und www.presseportal.de\/nr\/13502 \/ Die Verwendung dieses Bildes f\u00fcr redaktionelle Zwecke ist unter Beachtung aller mitgeteilten Nutzungsbedingungen zul\u00e4ssig und dann auch honorarfrei. Ver\u00f6ffentlichung ausschlie\u00dflich mit Bildrechte-Hinweis.\" data-category=\"medialightbox\" data-action=\"click\" data-label=\"single\" data-value=\"69aefe77270000fd2cea80b0\" rel=\"nofollow noopener\" target=\"_blank\"><img decoding=\"async\" height=\"540\" with=\"720\" src=\"https:\/\/www.europesays.com\/de\/wp-content\/uploads\/2026\/03\/victor6g-gestartet-neues-forschungsprojekt-f-r-echtzeitf-hige-virtualisierung-in-industriellen-6g-ne.jpeg\"   alt=\"VICTOR6G gestartet: Neues Forschungsprojekt f\u00fcr echtzeitf\u00e4hige Virtualisierung in industriellen 6G-Netzen\" class=\"single\"\/><\/a><\/p>\n<p><a data-category=\"citylink-story-view\" data-action=\"click\" data-label=\"Citylink in Meldungsansicht\" class=\"story-city event-trigger\" href=\"https:\/\/www.presseportal.de\/regional\/D%FCsseldorf\" title=\"News aus D\u00fcsseldorf \" rel=\"nofollow noopener\" target=\"_blank\">D\u00fcsseldorf<\/a> (ots)<\/p>\n<ul class=\"naxml-ul\">\n<li><b>Dreij\u00e4hriges Projekt unter Leitung von Ericsson beginnt die Arbeit an integrierten 6G-L\u00f6sungen f\u00fcr die Industrie<\/b><\/li>\n<li><b>Fokus auf Industrial Metaverse und Netzwerk-IT-Integration: Digitale Zwillinge, drahtlose Erweiterung von TSN sowie dynamische Nutzung neuer Frequenzb\u00e4nder (u.a. Zentimeterband 7-15 GHz)<\/b><\/li>\n<li><b>Breiter Praxistransfer: Simulationen, Laborversuche und Erprobung in Industrieinfrastruktur sowie am 5G Industry Campus Europe sichern Realit\u00e4tsn\u00e4he und Skalierbarkeit<\/b><\/li>\n<\/ul>\n<p> Das neue Forschungsprojekt VICTOR6G hat im Januar 2026 seine Arbeit aufgenommen. In dem dreij\u00e4hrigen Vorhaben mit einem Gesamtbudget von 5,4 Millionen Euro (davon 4,3 Millionen Euro F\u00f6rdermittel) arbeiten Industriepartner und Forschungseinrichtungen eng zusammen, um echtzeitf\u00e4hige Virtualisierungsl\u00f6sungen f\u00fcr industrielle 6G-Anwendungen zu entwickeln. Ziel ist eine integrierte Gesamtl\u00f6sung aus drahtgebundenen und drahtlosen Netzen, die Anwendungen wie aus der lokalen Cloud gesteuerte Roboter oder inspektionsunterst\u00fctzende Drohnen im Industrial Metaverse zuverl\u00e4ssig und mit niedrigen Latenzen betreiben kann. <\/p>\n<p> Partner des Konsortiums sind Ericsson (Leitung), SEW-EURODRIVE, Adaept Engineering, IKADO, Fraunhofer IPT, RWTH Aachen, TU Dortmund, TU Dresden sowie assoziiert Airbus. Die Partner bringen Kompetenzen aus Telekommunikation, Maschinenbau und IT zusammen. Gef\u00f6rdert wird das Projekt vom Bundesministerium f\u00fcr Forschung, Technologie und Raumfahrt (BMFTR) im Rahmen der F\u00f6rderrichtlinie &#8222;6G in die Anwendung bringen&#8220;. <\/p>\n<p> Im Forschungsprojekt untersuchen die Partner k\u00fcnftige 6G-Kommunikationsnetze f\u00fcr industrielle Anwendungen und entwickeln eine enge Verzahnung von Netz- und IT-Technik mit den Anwendungen. <\/p>\n<p> Kernbestandteile der Forschung sind: <\/p>\n<ul class=\"naxml-ul\">\n<li><b>Digitale Zwillinge<\/b>: Vernetzung von Anwendung und Kommunikationsnetz f\u00fcr pr\u00e4zise Echtzeit-Abbilder. <\/li>\n<li><b>Flexible Frequenznutzung<\/b>: Dynamischer Einsatz verschiedener Frequenzb\u00e4nder. Dabei steht erstmals auch das Zentimeterband zwischen 7 GHz und 15 GHz im Fokus, das voraussichtlich ab 2030 f\u00fcr Mobilfunkanwendungen teilweise verf\u00fcgbar sein wird. <\/li>\n<li><b>TSN-Erweiterung<\/b>: Drahtlose Erweiterung des Time Sensitive Networking, das bisher nur in kabelgebundenen Netzen eingesetzt wird. <\/li>\n<\/ul>\n<p> Roboter, die aus der lokalen Cloud gesteuert werden und Inspektionsdrohnen, die ihre Berechnungen in die Cloud auslagern, sind Beispiele f\u00fcr solche industriellen Anwendungen. Alle betrachteten L\u00f6sungen m\u00fcssen in Simulationen, Laborversuchen und in realen Umgebungen bei den Industriepartnern sowie am vom Fraunhofer IPT betriebenen 5G-Industry Campus Europe ihre Leistungsf\u00e4higkeit unter Beweis stellen. Somit wird auf der partnerspezifischen IT- Infrastruktur aufgesetzt, um die sp\u00e4tere Integration und Skalierbarkeit sicherzustellen. <\/p>\n<p> Wichtig ist dabei nicht nur die Optimierung technischer Kennzahlen wie Latenz und Durchsatz, sondern auch die Ermittlung des wirtschaftlichen Nutzens anhand sogenannter Key Value Indicators (KVIs): Wie lassen sich durch Digitalisierung Kosten senken oder neue Einnahmequellen erschlie\u00dfen? VICTOR6G zielt darauf ab, einen deutlichen Mehrwert f\u00fcr die Industrie zu schaffen, und die Markteinf\u00fchrung neuer 6G-Technologien zu beschleunigen. <\/p>\n<p><b>LINKS:<\/b><\/p>\n<p> <a target=\"_blank\" class=\"uri-ext outbound\" rel=\"noopener nofollow\" href=\"https:\/\/www.forschung-it-sicherheit-kommunikationssysteme.de\/projekte\/victor6g\">Projektsteckbrief<\/a><\/p>\n<p> <a target=\"_blank\" class=\"uri-ext outbound\" rel=\"noopener nofollow\" href=\"https:\/\/www.forschung-it-sicherheit-kommunikationssysteme.de\/foerderung\/bekanntmachungen\/6g-a\">Bekanntmachung F\u00f6rderrichtlinie &#8222;6G in die Anwendung bringen&#8220;<\/a><\/p>\n<p> <a target=\"_blank\" class=\"uri-ext outbound\" rel=\"noopener nofollow\" href=\"https:\/\/5g-industry-campus.com\/\">5G-Industry Campus Europe<\/a><\/p>\n<p><b>\u00dcBER ERICSSON:<\/b><\/p>\n<p> Die leistungsstarken, programmierbaren Mobilfunknetze von Ericsson bieten t\u00e4glich Konnektivit\u00e4t f\u00fcr Milliarden von Menschen. Seit fast 150 Jahren sind wir Pioniere bei der Entwicklung von Kommunikationstechnologien. Wir bieten Mobilfunk- und Konnektivit\u00e4tsl\u00f6sungen f\u00fcr Netzbetreiber und Unternehmen an. Gemeinsam mit unseren Kunden und Partnern lassen wir die digitale Welt von morgen Wirklichkeit werden. <\/p>\n<p class=\"contact-headline\">Pressekontakt:<\/p>\n<p class=\"contact-text\">Pressekontakt Ericsson GmbH<br \/>Prinzenallee 21<br \/>40549 D\u00fcsseldorf<br \/>eMail: <a href=\"https:\/\/www.presseportal.de\/pm\/13502\/mailto: ericsson.presse@ericsson.com\" class=\"uri-mailto\" rel=\"nofollow noopener\" target=\"_blank\"> ericsson.presse@ericsson.com<\/a><\/p>\n<p class=\"originator\">Original-Content von: Ericsson GmbH, \u00fcbermittelt durch news aktuell<\/p>\n","protected":false},"excerpt":{"rendered":"10.03.2026 \u2013 10:00 Ericsson GmbH D\u00fcsseldorf (ots) Dreij\u00e4hriges Projekt unter Leitung von Ericsson beginnt die Arbeit an integrierten&hellip;\n","protected":false},"author":2,"featured_media":857229,"comment_status":"","ping_status":"","sticky":false,"template":"","format":"standard","meta":{"footnotes":"","_share_on_mastodon":"0"},"categories":[1831],"tags":[39626,3477,3364,29,3405,597,30,54,1209,178,180,179,181,425,3795,190250,193],"class_list":["post-857228","post","type-post","status-publish","format-standard","has-post-thumbnail","category-duesseldorf","tag-6g","tag-bild","tag-de","tag-deutschland","tag-duesseldorf","tag-forschung","tag-germany","tag-industrie","tag-nordrhein-westfalen","tag-presse","tag-pressemeldung","tag-pressemitteilung","tag-pressemitteilungen","tag-technologie","tag-telekommunikation","tag-victor6g","tag-wissenschaft"],"share_on_mastodon":{"url":"","error":""},"_links":{"self":[{"href":"https:\/\/www.europesays.com\/de\/wp-json\/wp\/v2\/posts\/857228","targetHints":{"allow":["GET"]}}],"collection":[{"href":"https:\/\/www.europesays.com\/de\/wp-json\/wp\/v2\/posts"}],"about":[{"href":"https:\/\/www.europesays.com\/de\/wp-json\/wp\/v2\/types\/post"}],"author":[{"embeddable":true,"href":"https:\/\/www.europesays.com\/de\/wp-json\/wp\/v2\/users\/2"}],"replies":[{"embeddable":true,"href":"https:\/\/www.europesays.com\/de\/wp-json\/wp\/v2\/comments?post=857228"}],"version-history":[{"count":0,"href":"https:\/\/www.europesays.com\/de\/wp-json\/wp\/v2\/posts\/857228\/revisions"}],"wp:featuredmedia":[{"embeddable":true,"href":"https:\/\/www.europesays.com\/de\/wp-json\/wp\/v2\/media\/857229"}],"wp:attachment":[{"href":"https:\/\/www.europesays.com\/de\/wp-json\/wp\/v2\/media?parent=857228"}],"wp:term":[{"taxonomy":"category","embeddable":true,"href":"https:\/\/www.europesays.com\/de\/wp-json\/wp\/v2\/categories?post=857228"},{"taxonomy":"post_tag","embeddable":true,"href":"https:\/\/www.europesays.com\/de\/wp-json\/wp\/v2\/tags?post=857228"}],"curies":[{"name":"wp","href":"https:\/\/api.w.org\/{rel}","templated":true}]}}