{"id":857274,"date":"2026-03-10T09:31:25","date_gmt":"2026-03-10T09:31:25","guid":{"rendered":"https:\/\/www.europesays.com\/de\/857274\/"},"modified":"2026-03-10T09:31:25","modified_gmt":"2026-03-10T09:31:25","slug":"lauren-sanchez-bezos-ex-yogalehrerin-klagt-wegen-kinderbuch-ideenklau-unterhaltung","status":"publish","type":"post","link":"https:\/\/www.europesays.com\/de\/857274\/","title":{"rendered":"Lauren S\u00e1nchez Bezos: Ex-Yogalehrerin klagt wegen Kinderbuch-Ideenklau | Unterhaltung"},"content":{"rendered":"<p><a class=\"skip-content skip-content--link\" href=\"#in-content-skip-link-target-v-0-0\">TTS-Player \u00fcberspringen\u21b5<\/a><a id=\"in-content-skip-link-target-v-0-0\" class=\"skip-content--target-link-hidden skip-content skip-content--target-link\" href=\"#in-content-skip-link-target-v-0-0\">Artikel weiterlesen<\/a><\/p>\n<p>Los Angeles (USA) \u2013 <b>Erst flog sie ins All, jetzt landet sie vor Gericht: Lauren S\u00e1nchez Bezos (56), Ehefrau von Amazon-Milliard\u00e4r Jeff Bezos (62), sieht sich pl\u00f6tzlich mit schweren Vorw\u00fcrfen konfrontiert. Statt Kinder mit einer Geschichte \u00fcber eine Fliege im Weltall zu begeistern, muss sie sich nun gegen den Vorwurf des Ideenraubs wehren. Ihre ehemalige Yogalehrerin behauptet, S\u00e1nchez Bezos habe f\u00fcr ihr Kinderbuch zentrale Einf\u00e4lle \u00fcbernommen und zieht vor ein Bundesgericht in Kalifornien.<\/b><\/p>\n<p>Konkret geht es um das 2024 erschienene Kinderbuch \u201eThe Fly Who Flew to Space\u201c. Darin erz\u00e4hlt <a href=\"https:\/\/www.bild.de\/unterhaltung\/stars-und-leute\/lauren-sanchez-bezos-macht-paris-zu-ihrem-catwalk-7-mega-looks-in-4-tagen-6979d97555dd99352277a5bb\" class=\"text-link\" rel=\"nofollow noopener\" target=\"_blank\">S\u00e1nchez<\/a> Bezos die Geschichte einer kleinen Fliege, die den Traum vom Flug ins <a href=\"https:\/\/www.bild.de\/themen\/specials\/weltall\/news-fotos-videos-17021770.bild.html\" class=\"text-link\" rel=\"nofollow noopener\" target=\"_blank\">All<\/a> verwirklicht. Genau hier setzt die Klage an.<\/p>\n<p><img decoding=\"async\" width=\"992\" height=\"558\" alt=\"Lauren S\u00e1nchez (56) mit ihrem Kinderbuch \u201eThe Fly Who Flew to Space\u201c \u2013 das Werk steht nun im Zentrum einer Klage\" src=\"https:\/\/www.europesays.com\/de\/wp-content\/uploads\/2026\/03\/34105efbb70e02d7914bc125c3691f2d,a986a77e.jpeg\"   class=\"landscape\" loading=\"lazy\"\/><\/p>\n<p class=\"fig__caption__text\">Lauren S\u00e1nchez Bezos mit ihrem Kinderbuch \u201eThe Fly Who Flew to Space\u201c \u2013 das Werk steht nun im Zentrum einer Klage<\/p>\n<p>Foto: GC Images<\/p>\n<p>Klage wegen angeblichen Buchklaus<\/p>\n<p>Alanna Zabel (52), die Lauren fr\u00fcher als <a href=\"https:\/\/www.bild.de\/themen\/specials\/yoga\/yoga-durch-uebungen-zur-entspannung-02-42319756.bild.html\" class=\"text-link\" rel=\"nofollow noopener\" target=\"_blank\">Yogalehrerin<\/a> betreute, ver\u00f6ffentlichte bereits 2023 ein eigenes <a href=\"https:\/\/www.bild.de\/themen\/specials\/literatur\/news-fotos-videos-17010052.bild.html\" class=\"text-link\" rel=\"nofollow noopener\" target=\"_blank\">Kinderbuch<\/a> mit dem Titel \u201eDharma Kitty Goes to Mars\u201c. In ihrer Geschichte reist eine Katze zum Mars. Laut Klageschrift sollen wesentliche Ideen schon Jahre zuvor im pers\u00f6nlichen Austausch zwischen den beiden Frauen Thema gewesen sein. Zabel wirft S\u00e1nchez Bezos vor, kreative Konzepte \u00fcbernommen zu haben.<\/p>\n<p><img decoding=\"async\" width=\"992\" height=\"797\" alt=\"Das 2024 erschienene Kinderbuch \u201eThe Fly Who Flew to Space\u201c von Lauren S\u00e1nchez steht im Mittelpunkt der Klage\" src=\"https:\/\/www.europesays.com\/de\/wp-content\/uploads\/2026\/03\/c47e270dad24dd4587ee72846c9a38da,55824f6c.jpeg\"   class=\"dynamic\" loading=\"lazy\"\/><\/p>\n<p class=\"fig__caption__text\">Das 2024 erschienene Kinderbuch \u201eThe Fly Who Flew to Space\u201c von Lauren S\u00e1nchez Bezos steht im Mittelpunkt der Klage<\/p>\n<p>Foto: SIMON &amp; SCHUSTER US,THE COLLECTIVE BOOK STUDIO, 2024<\/p>\n<p><img decoding=\"async\" width=\"992\" height=\"1417\" alt=\"Alanna Zabel (52) war fr\u00fcher als Yogalehrerin von Lauren S\u00e1nchez t\u00e4tig. Nun zieht sie wegen angeblichen Ideenraubs vor Gericht\" src=\"https:\/\/www.europesays.com\/de\/wp-content\/uploads\/2026\/03\/c6d7ef1815c9e5565bf659e3030f67ee,9de93c67.jpeg\"   class=\"dynamic\" loading=\"lazy\"\/><\/p>\n<p class=\"fig__caption__text\">Alanna Zabel (52) war fr\u00fcher als Yogalehrerin von Lauren S\u00e1nchez Bezos t\u00e4tig. Nun zieht sie wegen angeblichen Ideenraubs vor Gericht<\/p>\n<p>Foto: aziamyoga\/Instagram<\/p>\n<p>Welche konkreten Passagen oder Formulierungen betroffen sein sollen, ist bislang nicht im Detail \u00f6ffentlich ausgef\u00fchrt worden. Im Kern geht es offenbar um die Grundidee einer tierischen Hauptfigur, die zu einer Mission ins All aufbricht.<\/p>\n<p><img decoding=\"async\" width=\"992\" height=\"992\" alt=\"\u201eDharma Kitty Goes to Mars\u201c: In Alanna Zabels 2023 erschienenem Kinderbuch reist eine Katze ins All \u2013 Parallelen, die sie nun auch im Werk von Lauren S\u00e1nchez sieht.\" src=\"https:\/\/www.europesays.com\/de\/wp-content\/uploads\/2026\/03\/b85fcd1e36ac27362a3a96fbb85c1e30,4fbf83b.jpeg\"   class=\"dynamic\" loading=\"lazy\"\/><\/p>\n<p class=\"fig__caption__text\">\u201eDharma Kitty Goes to Mars\u201c: In Alanna Zabels 2023 erschienenem Kinderbuch reist eine Katze ins All \u2013 Parallelen, die sie nun auch im Werk von Lauren S\u00e1nchez Bezos sieht<\/p>\n<p>Foto: AZ I AM Books<\/p>\n<p>S\u00e1nchez Bezos weist Vorw\u00fcrfe zur\u00fcck<\/p>\n<p>Die Anw\u00e4lte von Lauren S\u00e1nchez Bezos halten die Anschuldigungen f\u00fcr unbegr\u00fcndet. Nach \u00fcbereinstimmenden Berichten aus den <a href=\"https:\/\/www.bild.de\/news\/ausland\/usa\/thema-usa-alle-infos-80032950.bild.html\" class=\"text-link\" rel=\"nofollow noopener\" target=\"_blank\">USA<\/a> argumentieren sie, beide B\u00fccher teilten lediglich das Motiv einer Reise ins All. Dieses Grundthema sei allgemein gehalten und urheberrechtlich nicht gesch\u00fctzt.<\/p>\n<p><img decoding=\"async\" width=\"992\" height=\"662\" alt=\"Lauren S\u00e1nchez nach einem suborbitalen Flug mit der Blue-Origin-Kapsel \u201eNew Shepard\u201c in Texas im April 2025\" src=\"https:\/\/www.europesays.com\/de\/wp-content\/uploads\/2026\/03\/d8cbb9b65131e0e2a6202b6d19a56f8f,26543aa6.jpeg\"   class=\"dynamic\" loading=\"lazy\"\/><\/p>\n<p class=\"fig__caption__text\">Ab ins All: Lauren nach einem suborbitalen Flug mit der Blue-Origin-Kapsel \u201eNew Shepard\u201c in Texas im April 2025<\/p>\n<p>Foto: picture alliance\/ZUMAPRESS.com<\/p>\n<p>S\u00e1nchez Bezos selbst \u00e4u\u00dferte sich bisher nicht ausf\u00fchrlich zu der Klage. Die 56-J\u00e4hrige ist als fr\u00fchere TV-Moderatorin, <a href=\"https:\/\/www.bild.de\/themen\/organisationen\/unternehmen\/news-fotos-videos-5n9Nevv68FAFS89DJteg\" class=\"text-link\" rel=\"nofollow noopener\" target=\"_blank\">Unternehmerin<\/a> und lizenzierte Hubschrauberpilotin bekannt. Mit ihrem Kinderbuch wagte sie zuletzt den Schritt ins Literaturgesch\u00e4ft. Ob es tats\u00e4chlich zum Prozess kommt oder ob sich beide Seiten au\u00dfergerichtlich einigen, ist derzeit offen. Das zust\u00e4ndige Bundesgericht muss nun pr\u00fcfen, ob die Vorw\u00fcrfe ausreichend Substanz haben. Klar ist nur: An juristischer Unterst\u00fctzung d\u00fcrfte es der Ehefrau von Multi-Milliard\u00e4r Jeff Bezos kaum mangeln.<\/p>\n","protected":false},"excerpt":{"rendered":"TTS-Player \u00fcberspringen\u21b5Artikel weiterlesen Los Angeles (USA) \u2013 Erst flog sie ins All, jetzt landet sie vor Gericht: Lauren&hellip;\n","protected":false},"author":2,"featured_media":857275,"comment_status":"","ping_status":"","sticky":false,"template":"","format":"standard","meta":{"footnotes":"","_share_on_mastodon":"0"},"categories":[155],"tags":[2483,1483,2935,1785,29,214,30,138370,45,215,64],"class_list":["post-857274","post","type-post","status-publish","format-standard","has-post-thumbnail","category-unterhaltung","tag-amazon","tag-betrug","tag-bezos-jeff","tag-buecher","tag-deutschland","tag-entertainment","tag-germany","tag-team-first","tag-texttospeech","tag-unterhaltung","tag-usa"],"share_on_mastodon":{"url":"https:\/\/pubeurope.com\/@de\/116204188055652680","error":""},"_links":{"self":[{"href":"https:\/\/www.europesays.com\/de\/wp-json\/wp\/v2\/posts\/857274","targetHints":{"allow":["GET"]}}],"collection":[{"href":"https:\/\/www.europesays.com\/de\/wp-json\/wp\/v2\/posts"}],"about":[{"href":"https:\/\/www.europesays.com\/de\/wp-json\/wp\/v2\/types\/post"}],"author":[{"embeddable":true,"href":"https:\/\/www.europesays.com\/de\/wp-json\/wp\/v2\/users\/2"}],"replies":[{"embeddable":true,"href":"https:\/\/www.europesays.com\/de\/wp-json\/wp\/v2\/comments?post=857274"}],"version-history":[{"count":0,"href":"https:\/\/www.europesays.com\/de\/wp-json\/wp\/v2\/posts\/857274\/revisions"}],"wp:featuredmedia":[{"embeddable":true,"href":"https:\/\/www.europesays.com\/de\/wp-json\/wp\/v2\/media\/857275"}],"wp:attachment":[{"href":"https:\/\/www.europesays.com\/de\/wp-json\/wp\/v2\/media?parent=857274"}],"wp:term":[{"taxonomy":"category","embeddable":true,"href":"https:\/\/www.europesays.com\/de\/wp-json\/wp\/v2\/categories?post=857274"},{"taxonomy":"post_tag","embeddable":true,"href":"https:\/\/www.europesays.com\/de\/wp-json\/wp\/v2\/tags?post=857274"}],"curies":[{"name":"wp","href":"https:\/\/api.w.org\/{rel}","templated":true}]}}