{"id":857376,"date":"2026-03-10T10:29:16","date_gmt":"2026-03-10T10:29:16","guid":{"rendered":"https:\/\/www.europesays.com\/de\/857376\/"},"modified":"2026-03-10T10:29:16","modified_gmt":"2026-03-10T10:29:16","slug":"veranstalter-bangen-um-feste-lasst-uns-doch-ein-bisschen-laut-sein","status":"publish","type":"post","link":"https:\/\/www.europesays.com\/de\/857376\/","title":{"rendered":"Veranstalter bangen um Feste: Lasst uns doch ein (bisschen) laut sein!"},"content":{"rendered":"<p>\t\t\t\t\t\t\t\t\t\t\t\t\t\t\t\t\t\t\t\t\t\t\t\t\t\t\t\t      \t\t            \t\t             \t\t\t\t   \t\t\t\t\t   <img decoding=\"async\" id=\"article-image\" fetchpriority=\"high\" alt=\"Veranstalter bangen um Feste: Lasst uns doch ein (bisschen) laut sein!\" title=\"Veranstalter bangen um Feste: Lasst uns doch ein (bisschen) laut sein!\" src=\"https:\/\/www.europesays.com\/de\/wp-content\/uploads\/2026\/03\/media.media.38b55b13-9b6c-4346-8551-1462bf9f0371.16x9_700.jpg\" data-linkto=\"https:\/\/www.stuttgarter-nachrichten.de\/javascript:void(0);\"\/>\t\t\t\t\t\t\t\t\t\t\t\t\t\t\t\t\t\t\t\t\t\t\t\tEtliche Stra\u00dfenfeste sollen auf der Kippe stehen.\u00a0Foto: Lichtgut\t\t\t<\/p>\n<p>Stuttgarter Stadtteilfeste stehen auf der Kippe. Der Grund: m\u00f6gliche neue Auflagen der Stadt. M\u00fcssen wir bald aufs Land fahren, um wieder richtig zu feiern?<\/p>\n<p>Laue Sommern\u00e4chte, ein Getr\u00e4nk auf der Bordsteinkante, Livemusik und fr\u00f6hliches Stimmengewirr, das durch die Gassen schallt \u2013 in den warmen Monaten vers\u00fc\u00dfen Stadtteilfeste, Hocketse und Partys im Quartier einem regelrecht das Leben.<\/p>\n<p>Nun sollen jedoch etliche dieser <a href=\"https:\/\/www.stuttgarter-nachrichten.de\/thema\/Feste\" title=\"Feste\" class=\"art_thema\" rel=\"nofollow noopener\" target=\"_blank\">Feste<\/a> auf der Kippe stehen. Aufgrund von Beschwerden von Anwohnern, aber auch wegen grunds\u00e4tzlicher Fragen etwa zur Sicherheit, habe es bei den \u00c4mtern der Stadt Gespr\u00e4che \u00fcber m\u00f6gliche neue Auflagen gegeben, erkl\u00e4rt der Bezirksvorsteher von <a href=\"https:\/\/www.stuttgarter-nachrichten.de\/thema\/Stuttgart\" title=\"Stuttgart\" class=\"art_thema\" rel=\"nofollow noopener\" target=\"_blank\">Stuttgart<\/a>-West, Bernhard Mellert. Auch die Stadt Stuttgart best\u00e4tigt auf Anfrage unserer Redaktion, dass derzeit entsprechende Gespr\u00e4che gef\u00fchrt werden. Wie m\u00f6gliche neue Auflagen konkret aussehen k\u00f6nnten, l\u00e4sst sie bislang jedoch offen.<\/p>\n<p> <a href=\"https:\/\/www.stuttgarter-nachrichten.de\/inhalt.sommerfeste-in-stuttgart-moegliche-neue-auflagen-veranstalter-bangen-um-stadtfeste-in-stuttgart.df20c1d0-d4f1-4eef-a7b0-cb4ee7154b06.html\" target=\"_blank\" rel=\"nofollow noopener\">Die Veranstalter der Feste sind vor allem eines: alarmiert.<\/a> <\/p>\n<p>Werden es am Ende einige wenige schaffen, alles Lebenswerte wegzuklagen, bis in der Landeshauptstadt selbst im Sommer ab 19 Uhr sprichw\u00f6rtlich die Gehsteige hochgeklappt werden? Finden Spa\u00df und Ausgelassenheit k\u00fcnftig nur noch im Urlaub statt? Schw\u00e4rmen Sabine und G\u00fcnther nach der R\u00fcckkehr aus Italien noch davon, wie lebendig es war, dass selbst um 22 Uhr noch Trubel durch die G\u00e4sschen und Piazze zog \u2013 um dann in Stuttgart ein Stra\u00dfenfest zu verdammen, das sie drei N\u00e4chte lang um den Schlaf bringt?<\/p>\n<p>Feste wie die Westallee, das Feuerseefest oder die Lange Ost-Nacht locken nicht nur viele Menschen auf die Stra\u00dfen Stuttgarts. Sie verbinden auch die Nachbarschaft \u2013 zumindest f\u00fcr ein paar Momente. Schlie\u00dflich wohnt man nicht nur im selben Viertel, geht zur Arbeit, ringt um die letzten Parkpl\u00e4tze oder streitet \u00fcber R\u00e4um- und Streupflichten im Winter.<\/p>\n<p>  <img decoding=\"async\" loading=\"lazy\" src=\"https:\/\/www.europesays.com\/de\/wp-content\/uploads\/2026\/03\/1773138556_11_media.media.52b66fe5-b029-49b7-a69a-6cc007092e6f.original1024.media.jpeg\"\/>     Das Heusteigviertelfest, wie man es kennt, findet auch im Jahr 2026 nicht statt.    Foto: Lichtgut\/Julian Rettig    Lasst uns (wenigstens ein bisschen) laut sein! <\/p>\n<p>Man darf auch einmal das Leben feiern. Und ein bisschen laut sein. Von mir aus auch ein bisschen unvern\u00fcnftig.<\/p>\n<p>M\u00fcssen wir bald alle in einem gemieteten Bus nach Hintertupfingen fahren, um mal wieder ein bisschen Spa\u00df auf einem Dorffest zu haben? Was in der Provinz das Feuerwehrfest ist, sind in der Stadt eben die Stadtteilfeste: Momente der generationen\u00fcbergreifenden Enthemmung, der Leichtigkeit, des gemeinsamen Feierns. Ich m\u00f6chte jetzt nicht wie jemand aus dem Stadtmarketing klingen \u2013 aber genau das sind am Ende doch die Dinge, die das Leben in einer Stadt und in einer lebendigen Nachbarschaft wirklich lebenswert machen. <\/p>\n","protected":false},"excerpt":{"rendered":"Etliche Stra\u00dfenfeste sollen auf der Kippe stehen.\u00a0Foto: Lichtgut Stuttgarter Stadtteilfeste stehen auf der Kippe. Der Grund: m\u00f6gliche neue&hellip;\n","protected":false},"author":2,"featured_media":855942,"comment_status":"","ping_status":"","sticky":false,"template":"","format":"standard","meta":{"footnotes":"","_share_on_mastodon":"0"},"categories":[1830],"tags":[25072,1634,3364,29,24396,20785,30,4693,2315,6659,14345,190014,190013,1441],"class_list":["post-857376","post","type-post","status-publish","format-standard","has-post-thumbnail","category-stuttgart","tag-auflagen","tag-baden-wuerttemberg","tag-de","tag-deutschland","tag-feiern","tag-feste","tag-germany","tag-kommentar","tag-konzerte","tag-laerm","tag-nachbarschaft","tag-sommerfeste","tag-strassenfeste","tag-stuttgart"],"share_on_mastodon":{"url":"https:\/\/pubeurope.com\/@de\/116204415791041819","error":""},"_links":{"self":[{"href":"https:\/\/www.europesays.com\/de\/wp-json\/wp\/v2\/posts\/857376","targetHints":{"allow":["GET"]}}],"collection":[{"href":"https:\/\/www.europesays.com\/de\/wp-json\/wp\/v2\/posts"}],"about":[{"href":"https:\/\/www.europesays.com\/de\/wp-json\/wp\/v2\/types\/post"}],"author":[{"embeddable":true,"href":"https:\/\/www.europesays.com\/de\/wp-json\/wp\/v2\/users\/2"}],"replies":[{"embeddable":true,"href":"https:\/\/www.europesays.com\/de\/wp-json\/wp\/v2\/comments?post=857376"}],"version-history":[{"count":0,"href":"https:\/\/www.europesays.com\/de\/wp-json\/wp\/v2\/posts\/857376\/revisions"}],"wp:featuredmedia":[{"embeddable":true,"href":"https:\/\/www.europesays.com\/de\/wp-json\/wp\/v2\/media\/855942"}],"wp:attachment":[{"href":"https:\/\/www.europesays.com\/de\/wp-json\/wp\/v2\/media?parent=857376"}],"wp:term":[{"taxonomy":"category","embeddable":true,"href":"https:\/\/www.europesays.com\/de\/wp-json\/wp\/v2\/categories?post=857376"},{"taxonomy":"post_tag","embeddable":true,"href":"https:\/\/www.europesays.com\/de\/wp-json\/wp\/v2\/tags?post=857376"}],"curies":[{"name":"wp","href":"https:\/\/api.w.org\/{rel}","templated":true}]}}