{"id":857538,"date":"2026-03-10T11:58:19","date_gmt":"2026-03-10T11:58:19","guid":{"rendered":"https:\/\/www.europesays.com\/de\/857538\/"},"modified":"2026-03-10T11:58:19","modified_gmt":"2026-03-10T11:58:19","slug":"brandenburg-startet-informationsportal-zum-zukunftspaket","status":"publish","type":"post","link":"https:\/\/www.europesays.com\/de\/857538\/","title":{"rendered":"Brandenburg startet Informationsportal zum Zukunftspaket"},"content":{"rendered":"<p>              <a href=\"https:\/\/www.europesays.com\/de\/wp-content\/uploads\/2026\/03\/zukunftbrb.png\" data-lightbox=\"c9fedf\"><\/p>\n<p><img loading=\"lazy\" decoding=\"async\" src=\"https:\/\/www.europesays.com\/de\/wp-content\/uploads\/2026\/03\/zukunftbrb.png\" width=\"717\" height=\"717\" alt=\"\"\/><\/p>\n<p>              <\/a><\/p>\n<p data-start=\"62\" data-end=\"356\">Das Land Brandenburg informiert ab sofort \u00fcber eine neue Internetseite umfassend \u00fcber das <strong data-start=\"152\" data-end=\"183\">\u201eZukunftspaket Brandenburg\u201c<\/strong>. Hinter dem Programm stehen knapp <strong data-start=\"218\" data-end=\"242\">drei Milliarden Euro<\/strong>, die aus dem Sonderverm\u00f6gen des Bundes f\u00fcr Infrastruktur und Klimaneutralit\u00e4t in Projekte im Land flie\u00dfen sollen.<\/p>\n<p data-start=\"358\" data-end=\"650\">\u00dcber das Portal k\u00f6nnen sich Kommunen, Landkreise und auch B\u00fcrger dar\u00fcber informieren, <strong data-start=\"444\" data-end=\"536\">wie F\u00f6rdermittel beantragt werden k\u00f6nnen und in welche Projekte das Geld investiert wird<\/strong>. Gleichzeitig soll die Seite in den kommenden Jahren transparent dokumentieren, wohin die Mittel konkret flie\u00dfen.<\/p>\n<p data-start=\"652\" data-end=\"994\">Brandenburgs Finanzminister <strong data-start=\"680\" data-end=\"699\">Robert Crumbach<\/strong> betonte, dass das Zukunftspaket nicht nur zus\u00e4tzliche Investitionen in wichtige Bereiche erm\u00f6gliche, sondern auch f\u00fcr mehr Transparenz sorgen solle. Die neue Website werde daher fortlaufend aktualisiert und zeigen, <strong data-start=\"915\" data-end=\"993\">welche Projekte gef\u00f6rdert werden und welche Summen daf\u00fcr eingesetzt werden<\/strong>.<\/p>\n<p data-start=\"996\" data-end=\"1275\">Von den insgesamt rund drei Milliarden Euro sollen <strong data-start=\"1047\" data-end=\"1093\">1,5 Milliarden Euro direkt an die Kommunen<\/strong> gehen. Sie k\u00f6nnen diese Mittel weitgehend eigenst\u00e4ndig f\u00fcr Investitionen einsetzen \u2013 etwa in Infrastruktur, Brand- und Katastrophenschutz, innere Sicherheit sowie Bildung und Sport.<\/p>\n<p data-start=\"1277\" data-end=\"1326\">Weitere Mittel sind unter anderem vorgesehen f\u00fcr:<\/p>\n<ul data-start=\"1328\" data-end=\"1859\">\n<li data-section-id=\"1rbuj76\" data-start=\"1328\" data-end=\"1435\">\n<p data-start=\"1330\" data-end=\"1435\"><strong data-start=\"1330\" data-end=\"1352\">460 Millionen Euro<\/strong> f\u00fcr die Umsetzung der Krankenhausreform und eine bessere medizinische Versorgung<\/p>\n<\/li>\n<li data-section-id=\"12fud6g\" data-start=\"1436\" data-end=\"1534\">\n<p data-start=\"1438\" data-end=\"1534\"><strong data-start=\"1438\" data-end=\"1459\">40 Millionen Euro<\/strong> f\u00fcr die Digitalisierung von Verwaltungsleistungen und den Einsatz von KI<\/p>\n<\/li>\n<li data-section-id=\"8djno\" data-start=\"1535\" data-end=\"1634\">\n<p data-start=\"1537\" data-end=\"1634\"><strong data-start=\"1537\" data-end=\"1559\">350 Millionen Euro<\/strong> f\u00fcr Landesstra\u00dfen, Br\u00fccken und Schienenprojekte wie das Programm i2030<\/p>\n<\/li>\n<li data-section-id=\"8wv0ft\" data-start=\"1635\" data-end=\"1715\">\n<p data-start=\"1637\" data-end=\"1715\"><strong data-start=\"1637\" data-end=\"1659\">200 Millionen Euro<\/strong> f\u00fcr Polizeiwachen sowie Brand- und Katastrophenschutz<\/p>\n<\/li>\n<li data-section-id=\"4x61ss\" data-start=\"1716\" data-end=\"1783\">\n<p data-start=\"1718\" data-end=\"1783\"><strong data-start=\"1718\" data-end=\"1740\">150 Millionen Euro<\/strong> f\u00fcr Hochschulen und studentisches Wohnen<\/p>\n<\/li>\n<li data-section-id=\"1aaou4o\" data-start=\"1784\" data-end=\"1859\">\n<p data-start=\"1786\" data-end=\"1859\"><strong data-start=\"1786\" data-end=\"1807\">30 Millionen Euro<\/strong> zur Fortsetzung des Programms \u201eGoldener Plan Sport\u201c<\/p>\n<\/li>\n<\/ul>\n<p data-start=\"1861\" data-end=\"2053\">Auf der neuen Internetseite k\u00f6nnen bereits jetzt <strong data-start=\"1910\" data-end=\"1981\">alle Landkreise und Kommunen Brandenburgs einzeln ausgew\u00e4hlt werden<\/strong>, um zu sehen, welche Mittel ihnen voraussichtlich zur Verf\u00fcgung stehen.<\/p>\n<p data-start=\"2055\" data-end=\"2214\">Das Portal wird laut Landesregierung \u00fcber einen Zeitraum von rund <strong data-start=\"2121\" data-end=\"2136\">zehn Jahren<\/strong> betrieben und soll den Fortschritt der Projekte kontinuierlich dokumentieren.<\/p>\n<p data-start=\"2216\" data-end=\"2277\" data-is-last-node=\"\" data-is-only-node=\"\">Weitere Informationen:<br data-start=\"2238\" data-end=\"2241\"\/> <a class=\"decorated-link\" href=\"https:\/\/zukunftspaket.brandenburg.de\" target=\"_new\" rel=\"noopener nofollow\" data-start=\"2241\" data-end=\"2277\" data-is-last-node=\"\">https:\/\/zukunftspaket.brandenburg.de<\/a><\/p>\n","protected":false},"excerpt":{"rendered":"Das Land Brandenburg informiert ab sofort \u00fcber eine neue Internetseite umfassend \u00fcber das \u201eZukunftspaket Brandenburg\u201c. Hinter dem Programm&hellip;\n","protected":false},"author":2,"featured_media":857539,"comment_status":"","ping_status":"","sticky":false,"template":"","format":"standard","meta":{"footnotes":"","_share_on_mastodon":"0"},"categories":[1816],"tags":[1960,1958,1959,1957,1956,1890,29,8409,24916,30,24915,24917,24912,14,15,14773,24914,6431,24913],"class_list":["post-857538","post","type-post","status-publish","format-standard","has-post-thumbnail","category-brandenburg","tag-aktuelle-nachrichten-aus-berlin-und-brandenburg","tag-aktuelle-nachrichten-aus-brandenburg","tag-aktuelle-news-aus-berlin-und-brandenburg","tag-aktuelle-news-aus-brandenburg","tag-berlin-und-brandenburg","tag-brandenburg","tag-deutschland","tag-fahrradtour","tag-ferienhaus","tag-germany","tag-havel","tag-havel-radweg","tag-havelland","tag-nachrichten","tag-news","tag-optik","tag-optikstadt","tag-rathenow","tag-westhavelland"],"share_on_mastodon":{"url":"https:\/\/pubeurope.com\/@de\/116204765759076713","error":""},"_links":{"self":[{"href":"https:\/\/www.europesays.com\/de\/wp-json\/wp\/v2\/posts\/857538","targetHints":{"allow":["GET"]}}],"collection":[{"href":"https:\/\/www.europesays.com\/de\/wp-json\/wp\/v2\/posts"}],"about":[{"href":"https:\/\/www.europesays.com\/de\/wp-json\/wp\/v2\/types\/post"}],"author":[{"embeddable":true,"href":"https:\/\/www.europesays.com\/de\/wp-json\/wp\/v2\/users\/2"}],"replies":[{"embeddable":true,"href":"https:\/\/www.europesays.com\/de\/wp-json\/wp\/v2\/comments?post=857538"}],"version-history":[{"count":0,"href":"https:\/\/www.europesays.com\/de\/wp-json\/wp\/v2\/posts\/857538\/revisions"}],"wp:featuredmedia":[{"embeddable":true,"href":"https:\/\/www.europesays.com\/de\/wp-json\/wp\/v2\/media\/857539"}],"wp:attachment":[{"href":"https:\/\/www.europesays.com\/de\/wp-json\/wp\/v2\/media?parent=857538"}],"wp:term":[{"taxonomy":"category","embeddable":true,"href":"https:\/\/www.europesays.com\/de\/wp-json\/wp\/v2\/categories?post=857538"},{"taxonomy":"post_tag","embeddable":true,"href":"https:\/\/www.europesays.com\/de\/wp-json\/wp\/v2\/tags?post=857538"}],"curies":[{"name":"wp","href":"https:\/\/api.w.org\/{rel}","templated":true}]}}