{"id":857638,"date":"2026-03-10T12:57:27","date_gmt":"2026-03-10T12:57:27","guid":{"rendered":"https:\/\/www.europesays.com\/de\/857638\/"},"modified":"2026-03-10T12:57:27","modified_gmt":"2026-03-10T12:57:27","slug":"azurblaues-wasser-und-karibik-flair-nahe-hannover","status":"publish","type":"post","link":"https:\/\/www.europesays.com\/de\/857638\/","title":{"rendered":"Azurblaues Wasser und Karibik-Flair nahe Hannover"},"content":{"rendered":"<p>Ausflug in Niedersachsen <\/p>\n<p>Ein See und sein azurblaues Geheimnis<\/p>\n<p>Aktualisiert am 10.03.2026 &#8211; 13:22 UhrLesedauer: 2 Min.<\/p>\n<p><a href=\"#focus-0\" class=\"transition-colors duration-200 block text-current relative\" data-sctrack=\"FocusGalleryImage.Reference\"><img fetchpriority=\"high\" data-testid=\"Opener.Image\" style=\"--lqipURL:url('https:\/\/images.t-online.de\/2024\/02\/zyPlXoQa0uIt\/0x195:3733x2100\/fit-in\/150x0\/filters:blur(25)\/blauer-see-blauer-see-model-released-symbolfoto-copyright-xzoonar-com-danielxkuehnex-3413095-model-released-symbolfoto-property-released.jpg')\"   loading=\"eager\" src=\"https:\/\/www.europesays.com\/de\/wp-content\/uploads\/2026\/03\/blauer-see-blauer-see-model-released-symbolfoto-copyright-xzoonar-com-danielxkuehnex-3413095-model-r.jpeg\" alt=\"imago images 0302333998\" title=\"imago images 0302333998\" width=\"3733\" height=\"2100\" class=\"bg-[url:var(--lqipURL)] bg-cover bg-center flex h-full w-full max-w-full\" decoding=\"async\"\/><img style=\"--width:32;--height:32\" loading=\"lazy\" src=\"https:\/\/hannover.t-online.de\/s\/paper\/_next\/static\/media\/zoom-in.f7dae02f.svg\" alt=\"Vergr\u00f6\u00dfern des Bildes\" title=\"Vergr\u00f6\u00dfern des Bildes\" class=\"block h-[calc(var(--height)_\/_16_*_1rem)] w-[calc(var(--width)_\/_16_*_1rem)] max-w-none absolute bottom-8 right-8 rounded-4 bg-snow p-8\" decoding=\"async\"\/><\/a><\/p>\n<p>Blauer See im Harz: Ein Naturph\u00e4nomen sorgt f\u00fcr den Farbeffekt im Karibik-Look. (Quelle: IMAGO\/Zoonar.com\/Daniel K\u00fchne\/imago-images-bilder)<\/p>\n<p class=\"font-bold text-18 leading-17 user-text-lg:text-22 user-text-xl:text-24\">Mitten im Harz lockt ein See vor allem im Fr\u00fchjahr: Das Wasser verwandelt sich dann zu einem karibischen Gew\u00e4sser \u2013 und wirkt \u00e4u\u00dferst geheimnisvoll.<\/p>\n<p class=\"text-18 leading-17 user-text-lg:text-22 user-text-xl:text-24\">Kleiner See, gro\u00dfes Staunen: Mitten im Harzer Landschaftsschutzgebiet liegt ein winziges Naturph\u00e4nomen. Eingebettet zwischen Felsh\u00e4ngen und Nadelb\u00e4umen zeigt sich der Blaue See. Jedes Jahr zieht das Gew\u00e4sser zahlreiche Besucher an, denn vor allem seine Farbe fasziniert die Menschen. Mit seiner azurblauen F\u00e4rbung verstr\u00f6mt der See Karibikflair, weit fahren m\u00fcssen Niedersachsen und Bremer daf\u00fcr jedoch nicht, auch wenn der See in Sachsen-Anhalt liegt.<\/p>\n<p class=\"text-18 leading-17 user-text-lg:text-22 user-text-xl:text-24\">Von Bremen aus sind es mit dem Auto knapp drei Stunden, die vorrangig \u00fcber die Autobahn f\u00fchren. Startet man in Hannover, ist man bereits in knapp zwei Stunden im n\u00e4chstgelegenen gr\u00f6\u00dferen Ort Elbingerode. Von dort aus k\u00f6nnen Besucher den Weg von gut f\u00fcnf Kilometern am besten zu Fu\u00df bewerkstelligen \u2013 der Harz gilt eben auch als Eldorado f\u00fcr Wanderfans. Auch mit dem Auto ist eine Anreise m\u00f6glich. Praktischerweise liegt der Blaue See in unmittelbarer N\u00e4he zur B27.<\/p>\n<p class=\"text-18 leading-17 user-text-lg:text-22 user-text-xl:text-24\">Zwar ist das Baden im k\u00fcnstlich angelegten See offiziell verboten, dennoch springen immer wieder Einheimische wie Touristen in das erfrischende Nass, wie Berichte und Fotos zahlreicher Plattformen zeigen. Da jedoch allein der Anblick des tiefblauen Wassers Faszination genug sein kann, reicht es auch, sich vom Ufer aus an der Sch\u00f6nheit zu erfreuen.<\/p>\n<p class=\"text-18 leading-17 user-text-lg:text-22 user-text-xl:text-24\">Das &#8222;blaue Wunder&#8220;, so wird der See von vielen umgangssprachlich genannt, erh\u00e4lt seine charakteristische Farbe durch Kalziumpartikel, die sich im Wasser befinden. Der See wird zum einen durch Regenwasser gespeist, zum anderen durch Karstquellen. So bildet sich eine hohe Konzentration von Kalziumkarbonat am Grund, das Wasser dar\u00fcber ist n\u00e4hrstoffarm und sauber. F\u00e4llt dann Sonnenlicht auf den See, erstrahlt er im Idealfall in einem tiefen Hellblau.<\/p>\n<p class=\"text-18 leading-17 user-text-lg:text-22 user-text-xl:text-24\">Dieses Ph\u00e4nomen tritt meist in den Fr\u00fchjahrsmonaten auf. Die Sonne scheint h\u00e4ufiger und intensiver, der See ist gut gef\u00fcllt \u2013 ideale Bedingungen f\u00fcr ein &#8222;blaues Wunder&#8220;. Im Hochsommer verf\u00e4rbt sich der See gr\u00f6\u00dftenteils gr\u00fcnlich. Das Wasser nimmt ab, eine vermehrte Algenbildung setzt ein. F\u00e4llt kaum noch Regen, trocknet der See auch schon mal g\u00e4nzlich aus.<\/p>\n","protected":false},"excerpt":{"rendered":"Ausflug in Niedersachsen Ein See und sein azurblaues Geheimnis Aktualisiert am 10.03.2026 &#8211; 13:22 UhrLesedauer: 2 Min. Blauer&hellip;\n","protected":false},"author":2,"featured_media":857639,"comment_status":"","ping_status":"","sticky":false,"template":"","format":"standard","meta":{"footnotes":"","_share_on_mastodon":"0"},"categories":[1836],"tags":[2201,22325,190306,3364,29,190307,190308,30,46,14413,13132,1411,860],"class_list":["post-857638","post","type-post","status-publish","format-standard","has-post-thumbnail","category-hannover","tag-2201","tag-ausflugstipp-hannover","tag-blauer-see","tag-de","tag-deutschland","tag-elbingerode","tag-farbeffekt","tag-germany","tag-hannover","tag-harz","tag-karibik","tag-niedersachsen","tag-sachsen-anhalt"],"share_on_mastodon":{"url":"https:\/\/pubeurope.com\/@de\/116204997748663641","error":""},"_links":{"self":[{"href":"https:\/\/www.europesays.com\/de\/wp-json\/wp\/v2\/posts\/857638","targetHints":{"allow":["GET"]}}],"collection":[{"href":"https:\/\/www.europesays.com\/de\/wp-json\/wp\/v2\/posts"}],"about":[{"href":"https:\/\/www.europesays.com\/de\/wp-json\/wp\/v2\/types\/post"}],"author":[{"embeddable":true,"href":"https:\/\/www.europesays.com\/de\/wp-json\/wp\/v2\/users\/2"}],"replies":[{"embeddable":true,"href":"https:\/\/www.europesays.com\/de\/wp-json\/wp\/v2\/comments?post=857638"}],"version-history":[{"count":0,"href":"https:\/\/www.europesays.com\/de\/wp-json\/wp\/v2\/posts\/857638\/revisions"}],"wp:featuredmedia":[{"embeddable":true,"href":"https:\/\/www.europesays.com\/de\/wp-json\/wp\/v2\/media\/857639"}],"wp:attachment":[{"href":"https:\/\/www.europesays.com\/de\/wp-json\/wp\/v2\/media?parent=857638"}],"wp:term":[{"taxonomy":"category","embeddable":true,"href":"https:\/\/www.europesays.com\/de\/wp-json\/wp\/v2\/categories?post=857638"},{"taxonomy":"post_tag","embeddable":true,"href":"https:\/\/www.europesays.com\/de\/wp-json\/wp\/v2\/tags?post=857638"}],"curies":[{"name":"wp","href":"https:\/\/api.w.org\/{rel}","templated":true}]}}