{"id":857644,"date":"2026-03-10T13:00:13","date_gmt":"2026-03-10T13:00:13","guid":{"rendered":"https:\/\/www.europesays.com\/de\/857644\/"},"modified":"2026-03-10T13:00:13","modified_gmt":"2026-03-10T13:00:13","slug":"adac-muss-2025-in-bremen-deutlich-oefter-ausruecken-als-im-jahr-zuvor","status":"publish","type":"post","link":"https:\/\/www.europesays.com\/de\/857644\/","title":{"rendered":"ADAC muss 2025 in Bremen deutlich \u00f6fter ausr\u00fccken als im Jahr zuvor"},"content":{"rendered":"<p>Die Pannenhelfer der ADAC-Stra\u00dfenwacht mussten 2025 in Bremen und Niedersachsen \u00f6fter ausr\u00fccken als im Vorjahr. Das teilt der ADAC Weser-Ems mit.<\/p>\n<p>Laut Mitteilung waren die sogenannten &#8222;Gelben Engel&#8220; auf den Bremer Stra\u00dfen und Autobahnen 2025 insgesamt 64.886 Mal im Einsatz, 2024 waren sie 58.409 Mal ausger\u00fcckt. Auch die nieders\u00e4chsischen ADAC-Pannenhelfer seien zu mehr Eins\u00e4tzen als im Vorjahr gerufen worden: knapp 300.000 Mal h\u00e4tten sie laut ADAC vor Ort helfen m\u00fcssen, 2024 seien es rund 297.000 Aktionen gewesen.<\/p>\n<p>Alle neun Sekunden wird der ADAC gerufen<\/p>\n<p>Nicht nur in Bremen und Niedersachsen kam es vermehrt zu Stra\u00dfeneins\u00e4tzen, auf Bundesebene zeigt sich eine \u00e4hnliche Entwicklung. Die &#8222;Gelben Engel&#8220; absolvierten laut Mitteilung 2025 deutschlandweit 3.691.813 Eins\u00e4tze \u2013 ein Plus von 60.000 Eins\u00e4tzen im Vergleich zu 2024. Zu den h\u00e4ufigsten Pannen z\u00e4hlen demnach Probleme mit der Startbatterie, Defekte im Motormanagement oder Hochvoltsystem.<\/p>\n<p>Immer h\u00e4ufiger in Anspruch genommen werde der &#8222;Digitale Notruf&#8220;. \u00dcber die ADAC-App und WhatsApp h\u00e4tten rund 695.000 &#8222;Liegenbleiber&#8220; und Hilfebed\u00fcrftige den Pannendienst erreicht.<\/p>\n<p>                        <a href=\"https:\/\/www.weser-kurier.de\/\" id=\"home\" class=\"button primary-primary font-size-15_1 m-0a customEvent\" data-layer-event-name=\"customEvent\" data-layer-trigger=\"click\" data-layer-category=\"artikelscoring\" data-layer-action=\"startseite_button\" data-layer-label=\"doc84wvjaa5kj81krc14d3r\" data-layer-value=\"https:\/\/www.weser-kurier.de\/bremen\/1\" rel=\"nofollow noopener\" target=\"_blank\">Zur Startseite<\/a><\/p>\n","protected":false},"excerpt":{"rendered":"Die Pannenhelfer der ADAC-Stra\u00dfenwacht mussten 2025 in Bremen und Niedersachsen \u00f6fter ausr\u00fccken als im Vorjahr. Das teilt der&hellip;\n","protected":false},"author":2,"featured_media":857645,"comment_status":"","ping_status":"","sticky":false,"template":"","format":"standard","meta":{"footnotes":"","_share_on_mastodon":"0"},"categories":[1824],"tags":[2420,3364,29,30],"class_list":["post-857644","post","type-post","status-publish","format-standard","has-post-thumbnail","category-bremen","tag-bremen","tag-de","tag-deutschland","tag-germany"],"share_on_mastodon":{"url":"https:\/\/pubeurope.com\/@de\/116205009567558311","error":""},"_links":{"self":[{"href":"https:\/\/www.europesays.com\/de\/wp-json\/wp\/v2\/posts\/857644","targetHints":{"allow":["GET"]}}],"collection":[{"href":"https:\/\/www.europesays.com\/de\/wp-json\/wp\/v2\/posts"}],"about":[{"href":"https:\/\/www.europesays.com\/de\/wp-json\/wp\/v2\/types\/post"}],"author":[{"embeddable":true,"href":"https:\/\/www.europesays.com\/de\/wp-json\/wp\/v2\/users\/2"}],"replies":[{"embeddable":true,"href":"https:\/\/www.europesays.com\/de\/wp-json\/wp\/v2\/comments?post=857644"}],"version-history":[{"count":0,"href":"https:\/\/www.europesays.com\/de\/wp-json\/wp\/v2\/posts\/857644\/revisions"}],"wp:featuredmedia":[{"embeddable":true,"href":"https:\/\/www.europesays.com\/de\/wp-json\/wp\/v2\/media\/857645"}],"wp:attachment":[{"href":"https:\/\/www.europesays.com\/de\/wp-json\/wp\/v2\/media?parent=857644"}],"wp:term":[{"taxonomy":"category","embeddable":true,"href":"https:\/\/www.europesays.com\/de\/wp-json\/wp\/v2\/categories?post=857644"},{"taxonomy":"post_tag","embeddable":true,"href":"https:\/\/www.europesays.com\/de\/wp-json\/wp\/v2\/tags?post=857644"}],"curies":[{"name":"wp","href":"https:\/\/api.w.org\/{rel}","templated":true}]}}