{"id":857662,"date":"2026-03-10T13:09:15","date_gmt":"2026-03-10T13:09:15","guid":{"rendered":"https:\/\/www.europesays.com\/de\/857662\/"},"modified":"2026-03-10T13:09:15","modified_gmt":"2026-03-10T13:09:15","slug":"so-ist-die-stadt-auf-einen-grossflaechigen-stromausfall-vorbereitet","status":"publish","type":"post","link":"https:\/\/www.europesays.com\/de\/857662\/","title":{"rendered":"So ist die Stadt auf einen gro\u00dffl\u00e4chigen Stromausfall vorbereitet"},"content":{"rendered":"<p class=\"text_ohne_einzug richtext text-em-55 !leading-serif mx-6 desktop:mx-0\"> Nach dem schweren Stromausfall vor zwei Monaten in Berlin hat die Stadt D\u00fcsseldorf \u00f6ffentlich vorgestellt, wie sie auf einen solchen Krisenfall vorbereitet w\u00e4re. Durch einen Brandanschlag waren Anfang des Jahres in der Hauptstadt mehr als <a href=\"https:\/\/rp-online.de\/panorama\/deutschland\/berlin-stromausfall-zehntausende-noch-ohne-strom-und-heizung_aid-141662317\" target=\"_blank\" rel=\"nofollow noopener\">45.000 Haushalte von einem sogenannten Blackout betroffen<\/a> \u2013 auch die Heizungen oder das Mobilfunknetz funktionierten zeitweise nicht.<\/p>\n<p class=\"richtext text-em-55 !leading-serif mx-6 desktop:mx-0\">\u201eD\u00fcsseldorf ist nicht Berlin und das ist auch gut so\u201c, erkl\u00e4rte nun Stadtdirektor Burkhard Hintzsche im zust\u00e4ndigen Fachausschuss des Rates. Er hatte zuletzt unter anderem den Corona-Krisenstab geleitet. Um aufzuzeigen, dass die Landeshauptstadt auch in einer angespannten Lage grunds\u00e4tzlich sehr gut aufgestellt und sehr schnell handlungsf\u00e4hig w\u00e4re, zog er ein Beispiel von vor einigen Jahren heran. Damals war nach dem Fund einer Weltkriegsbombe in Derendorf f\u00fcr rund 35.000 evakuierte Menschen eine kurzzeitige neue Bleibe geschaffen worden.<\/p>\n<p class=\"richtext text-em-55 !leading-serif mx-6 desktop:mx-0\">Dass man sich speziell auf einen m\u00f6glichen, gro\u00dffl\u00e4chigen Stromausfall schon lange vorbereite, erkl\u00e4rte Feuerwehrchef David von der Lieth. Er pr\u00e4sentierte j\u00fcngst in der Sitzung des Ausschusses f\u00fcr \u00f6ffentliche Einrichtungen, Stadt\u00f6kologie, Abfallmanagement und Bev\u00f6lkerungsschutz, was in einem solchen Fall in D\u00fcsseldorf geschehen w\u00fcrde.<\/p>\n<p class=\"text_ohne_einzug richtext text-em-55 !leading-serif mx-6 desktop:mx-0\"><strong class=\"font-bold dark:text-white-solid\">Anlaufpunkte<\/strong> Sollte es zu einem Blackout kommen, w\u00fcrden in der Stadt so schnell wie m\u00f6glich 60 Anlaufpunkte eingerichtet. Diese w\u00e4ren nicht nur beleuchtet, sondern auch personell besetzt. D\u00fcsseldorfer k\u00f6nnten vor Ort also Hilfe und Informationen erfragen. Die Standorte sind au\u00dferdem so gew\u00e4hlt, dass ein maximal halbst\u00fcndiger Fu\u00dfmarsch n\u00f6tig w\u00e4re, um sie zu erreichen.<\/p>\n<p class=\"richtext text-em-55 !leading-serif mx-6 desktop:mx-0\">Wie von der Lieth erkl\u00e4rte, w\u00e4re es allerdings bereits vorher essenziell, die Menschen in der Stadt \u00fcber das Geschehen zu informieren. Das liege auch daran, dass ungewiss sei, wie lange der Mobilfunk noch funktioniere. In einem solchen Krisenfall w\u00e4ren Polizei und Feuerwehr deshalb sehr pr\u00e4sent in allen Stadtteilen, betonte der Feuerwehrchef. \u201eWir werden jederzeit ansprechbar sein, um Notf\u00e4lle anzunehmen.\u201c Au\u00dferdem w\u00fcrde es auch \u00fcber die Einsatzfahrzeuge per Lautsprecher Warndurchsagen geben.<\/p>\n<p class=\"text_ohne_einzug richtext text-em-55 !leading-serif mx-6 desktop:mx-0\"><strong class=\"font-bold dark:text-white-solid\">Stromversorgung<\/strong> In D\u00fcsseldorf gibt es rund 207 Geb\u00e4ude, die eine eigene Notstromversorgung besitzen. Dazu geh\u00f6ren beispielsweise Krankenh\u00e4user, Polizei- und Feuerwachen, verschiedene Pflegeeinrichtungen oder sogar Tankstellen. Zus\u00e4tzlich gebe es in Nordrhein-Westfalen viele mobile Stromerzeuger bei Feuerwehren und Technischem Hilfswerk (THW), so von der Lieth. Mit der Hilfe Letzterer w\u00e4re eine Versorgung allerdings nur bedingt m\u00f6glich: \u201eEs ist nicht so, dass man Geb\u00e4ude, die nicht auf eine Einspeisung vorbereitet sind, einfach anschlie\u00dfen kann\u201c, erkl\u00e4rte der Experte. Dazu seien Fachkr\u00e4fte n\u00f6tig, unter anderem m\u00fcssten Anschl\u00fcsse freigebuddelt werden. Dennoch sei man vorbereitet und habe auch in Berlin die Erfahrung gemacht, wie man H\u00e4userbl\u00f6cke durch die mobilen Anlagen wenigstens mit Licht versorgen k\u00f6nne.<\/p>\n<p class=\"text_ohne_einzug richtext text-em-55 !leading-serif mx-6 desktop:mx-0\"><strong class=\"font-bold dark:text-white-solid\">Trinkwasser <\/strong>Weil Pumpwerke bei einem Blackout nicht mehr funktionieren, w\u00fcrde auch die gewohnte Trinkwasserversorgung ausfallen. Sollte das bei einem gro\u00dffl\u00e4chigen Stromausfall zum Problem f\u00fchren, gibt es in der Stadt rund 70 Notbrunnen. \u201eDie werden j\u00e4hrlich \u00fcberpr\u00fcft und sind auch gut versteckt\u201c, sagte von der Lieth. An diesen Brunnen w\u00fcrden bei einer Krise Entnahmestellen eingerichtet. Um die Trinkwasserqualit\u00e4t sicherzustellen, lagert die Stadt 12 Millionen Chlortabletten in Gefahrgutcontainern ein. Diese w\u00fcrden an den Entnahmestellen verteilt.<\/p>\n<p class=\"richtext text-em-55 !leading-serif mx-6 desktop:mx-0\">Schon 2015 haben Feuerwehr, THW und Stadtwerke zus\u00e4tzlich einen anderen Weg der Trinkwasserversorgung getestet. Damals nahm man ein D\u00fcsseldorfer Wasserwerk vom Netz \u2013 und betrieb dieses ausschlie\u00dflich \u00fcber mobile Netzersatzanlagen. \u201eWir sind der \u00dcberzeugung, dass ein Gro\u00dfteil der Frischwasserversorgung damit abgedeckt werden kann\u201c, erkl\u00e4rte David von der Lieth. Man sei deshalb zuversichtlich, auf die Notbrunnen verzichten zu k\u00f6nnen.<\/p>\n<p class=\"text_ohne_einzug richtext text-em-55 !leading-serif mx-6 desktop:mx-0\"><strong class=\"font-bold dark:text-white-solid\">Krisenstab<\/strong> Auch auf Management-Ebene ist die Landeshauptstadt auf einen Blackout vorbereitet: Innerhalb von 60 bis 90 Minuten sei das Krisenmanagement voll handlungsf\u00e4hig, betonte Burkhard Hintzsche. Die dazugeh\u00f6rigen Einrichtungen besitzen eine Notstromversorgung und seien dauerhaft betriebsbereit.<\/p>\n<p class=\"richtext text-em-55 !leading-serif mx-6 desktop:mx-0\">Bereits im Dezember hatte Oberb\u00fcrgermeister Stephan Keller (CDU) au\u00dferdem eine \u00e4mter\u00fcbergreifende Arbeitsgruppe einberufen, die Ma\u00dfnahmen zur Steigerung der Resilienz der Stadtverwaltung identifizieren und umsetzen soll.<\/p>\n","protected":false},"excerpt":{"rendered":"Nach dem schweren Stromausfall vor zwei Monaten in Berlin hat die Stadt D\u00fcsseldorf \u00f6ffentlich vorgestellt, wie sie auf&hellip;\n","protected":false},"author":2,"featured_media":857663,"comment_status":"","ping_status":"","sticky":false,"template":"","format":"standard","meta":{"footnotes":"","_share_on_mastodon":"0"},"categories":[1831],"tags":[3650,3364,29,3405,30,3651,1209,19114],"class_list":["post-857662","post","type-post","status-publish","format-standard","has-post-thumbnail","category-duesseldorf","tag-bockholt","tag-de","tag-deutschland","tag-duesseldorf","tag-germany","tag-marie","tag-nordrhein-westfalen","tag-schweren"],"share_on_mastodon":{"url":"https:\/\/pubeurope.com\/@de\/116205044800076402","error":""},"_links":{"self":[{"href":"https:\/\/www.europesays.com\/de\/wp-json\/wp\/v2\/posts\/857662","targetHints":{"allow":["GET"]}}],"collection":[{"href":"https:\/\/www.europesays.com\/de\/wp-json\/wp\/v2\/posts"}],"about":[{"href":"https:\/\/www.europesays.com\/de\/wp-json\/wp\/v2\/types\/post"}],"author":[{"embeddable":true,"href":"https:\/\/www.europesays.com\/de\/wp-json\/wp\/v2\/users\/2"}],"replies":[{"embeddable":true,"href":"https:\/\/www.europesays.com\/de\/wp-json\/wp\/v2\/comments?post=857662"}],"version-history":[{"count":0,"href":"https:\/\/www.europesays.com\/de\/wp-json\/wp\/v2\/posts\/857662\/revisions"}],"wp:featuredmedia":[{"embeddable":true,"href":"https:\/\/www.europesays.com\/de\/wp-json\/wp\/v2\/media\/857663"}],"wp:attachment":[{"href":"https:\/\/www.europesays.com\/de\/wp-json\/wp\/v2\/media?parent=857662"}],"wp:term":[{"taxonomy":"category","embeddable":true,"href":"https:\/\/www.europesays.com\/de\/wp-json\/wp\/v2\/categories?post=857662"},{"taxonomy":"post_tag","embeddable":true,"href":"https:\/\/www.europesays.com\/de\/wp-json\/wp\/v2\/tags?post=857662"}],"curies":[{"name":"wp","href":"https:\/\/api.w.org\/{rel}","templated":true}]}}