{"id":857911,"date":"2026-03-10T15:25:18","date_gmt":"2026-03-10T15:25:18","guid":{"rendered":"https:\/\/www.europesays.com\/de\/857911\/"},"modified":"2026-03-10T15:25:18","modified_gmt":"2026-03-10T15:25:18","slug":"kriegsziele-im-iran-krieg-fischer-usa-und-israel-sind-wechselseitig-in-der-falle","status":"publish","type":"post","link":"https:\/\/www.europesays.com\/de\/857911\/","title":{"rendered":"Kriegsziele im Iran-Krieg: Fischer: &#8222;USA und Israel sind wechselseitig in der Falle&#8220;"},"content":{"rendered":"<p>Kriegsziele im Iran-KriegFischer: &#8222;USA und Israel sind wechselseitig in der Falle&#8220;10.03.2026, 16:06 Uhr<\/p>\n<p class=\"Typography_text-m__XI0da Typography_weight-normal__pqUbH\">US-Pr\u00e4sident Trump spricht bereits vom m\u00f6glichen Kriegsende &#8211; Israel sieht das jedoch ganz anders. Politologe Klemens Fischer erkl\u00e4rt, inwiefern Washington und Jerusalem voneinander abh\u00e4ngig sind und warum die Revolutionsgarden weiterhin ein entscheidender Faktor bleiben.<\/p>\n","protected":false},"excerpt":{"rendered":"Kriegsziele im Iran-KriegFischer: &#8222;USA und Israel sind wechselseitig in der Falle&#8220;10.03.2026, 16:06 Uhr US-Pr\u00e4sident Trump spricht bereits vom&hellip;\n","protected":false},"author":2,"featured_media":857912,"comment_status":"","ping_status":"","sticky":false,"template":"","format":"standard","meta":{"footnotes":"","_share_on_mastodon":"0"},"categories":[3977],"tags":[331,332,13,345,13612,929,62913,14,19462,15,12,4017,4018,4016,14953,64,4019,4020],"class_list":["post-857911","post","type-post","status-publish","format-standard","has-post-thumbnail","category-usa","tag-aktuelle-nachrichten","tag-aktuelle-news","tag-headlines","tag-iran","tag-iran-konflikt","tag-kriege-und-konflikte","tag-mullah-regime","tag-nachrichten","tag-nahost-konflikt","tag-news","tag-schlagzeilen","tag-united-states","tag-united-states-of-america","tag-us","tag-us-militaer","tag-usa","tag-vereinigte-staaten","tag-vereinigte-staaten-von-amerika"],"share_on_mastodon":{"url":"https:\/\/pubeurope.com\/@de\/116205579568631357","error":""},"_links":{"self":[{"href":"https:\/\/www.europesays.com\/de\/wp-json\/wp\/v2\/posts\/857911","targetHints":{"allow":["GET"]}}],"collection":[{"href":"https:\/\/www.europesays.com\/de\/wp-json\/wp\/v2\/posts"}],"about":[{"href":"https:\/\/www.europesays.com\/de\/wp-json\/wp\/v2\/types\/post"}],"author":[{"embeddable":true,"href":"https:\/\/www.europesays.com\/de\/wp-json\/wp\/v2\/users\/2"}],"replies":[{"embeddable":true,"href":"https:\/\/www.europesays.com\/de\/wp-json\/wp\/v2\/comments?post=857911"}],"version-history":[{"count":0,"href":"https:\/\/www.europesays.com\/de\/wp-json\/wp\/v2\/posts\/857911\/revisions"}],"wp:featuredmedia":[{"embeddable":true,"href":"https:\/\/www.europesays.com\/de\/wp-json\/wp\/v2\/media\/857912"}],"wp:attachment":[{"href":"https:\/\/www.europesays.com\/de\/wp-json\/wp\/v2\/media?parent=857911"}],"wp:term":[{"taxonomy":"category","embeddable":true,"href":"https:\/\/www.europesays.com\/de\/wp-json\/wp\/v2\/categories?post=857911"},{"taxonomy":"post_tag","embeddable":true,"href":"https:\/\/www.europesays.com\/de\/wp-json\/wp\/v2\/tags?post=857911"}],"curies":[{"name":"wp","href":"https:\/\/api.w.org\/{rel}","templated":true}]}}