{"id":858053,"date":"2026-03-10T16:41:14","date_gmt":"2026-03-10T16:41:14","guid":{"rendered":"https:\/\/www.europesays.com\/de\/858053\/"},"modified":"2026-03-10T16:41:14","modified_gmt":"2026-03-10T16:41:14","slug":"wuppertal-braucht-einen-neuen-kaemmerer-thorsten-bunte-geht","status":"publish","type":"post","link":"https:\/\/www.europesays.com\/de\/858053\/","title":{"rendered":"Wuppertal braucht einen neuen K\u00e4mmerer: Thorsten Bunte geht"},"content":{"rendered":"<p class=\"text_ohne_einzug richtext text-em-55 !leading-serif mx-6 desktop:mx-0\">Wuppertal braucht einen neuen Stadtk\u00e4mmerer. Thorsten Bunte (SPD) zieht es mit gro\u00dfer Wahrscheinlichkeit nach Dortmund. Die SPD-Fraktion im Stadtrat hat Bunte als Nachfolger f\u00fcr den Ende M\u00e4rz aus dem Amt scheidenden K\u00e4mmerer vorgeschlagen. Mit CDU und Gr\u00fcnen in Dortmund ist Einigung dar\u00fcber erzielt worden, dass der Vorschlag der Sozialdemokraten ihre Unterst\u00fctzung hat. Damit steht der Wahl Buntes nichts im Wege.<\/p>\n","protected":false},"excerpt":{"rendered":"Wuppertal braucht einen neuen Stadtk\u00e4mmerer. Thorsten Bunte (SPD) zieht es mit gro\u00dfer Wahrscheinlichkeit nach Dortmund. Die SPD-Fraktion im&hellip;\n","protected":false},"author":2,"featured_media":858054,"comment_status":"","ping_status":"","sticky":false,"template":"","format":"standard","meta":{"footnotes":"","_share_on_mastodon":"0"},"categories":[1840],"tags":[3364,29,217,30,27212,1209,101896,19933,4418],"class_list":["post-858053","post","type-post","status-publish","format-standard","has-post-thumbnail","category-wuppertal","tag-de","tag-deutschland","tag-dortmund","tag-germany","tag-kaemmerer","tag-nordrhein-westfalen","tag-stadtkaemmerer","tag-thorsten","tag-wuppertal"],"share_on_mastodon":{"url":"https:\/\/pubeurope.com\/@de\/116205878462397682","error":""},"_links":{"self":[{"href":"https:\/\/www.europesays.com\/de\/wp-json\/wp\/v2\/posts\/858053","targetHints":{"allow":["GET"]}}],"collection":[{"href":"https:\/\/www.europesays.com\/de\/wp-json\/wp\/v2\/posts"}],"about":[{"href":"https:\/\/www.europesays.com\/de\/wp-json\/wp\/v2\/types\/post"}],"author":[{"embeddable":true,"href":"https:\/\/www.europesays.com\/de\/wp-json\/wp\/v2\/users\/2"}],"replies":[{"embeddable":true,"href":"https:\/\/www.europesays.com\/de\/wp-json\/wp\/v2\/comments?post=858053"}],"version-history":[{"count":0,"href":"https:\/\/www.europesays.com\/de\/wp-json\/wp\/v2\/posts\/858053\/revisions"}],"wp:featuredmedia":[{"embeddable":true,"href":"https:\/\/www.europesays.com\/de\/wp-json\/wp\/v2\/media\/858054"}],"wp:attachment":[{"href":"https:\/\/www.europesays.com\/de\/wp-json\/wp\/v2\/media?parent=858053"}],"wp:term":[{"taxonomy":"category","embeddable":true,"href":"https:\/\/www.europesays.com\/de\/wp-json\/wp\/v2\/categories?post=858053"},{"taxonomy":"post_tag","embeddable":true,"href":"https:\/\/www.europesays.com\/de\/wp-json\/wp\/v2\/tags?post=858053"}],"curies":[{"name":"wp","href":"https:\/\/api.w.org\/{rel}","templated":true}]}}