{"id":858093,"date":"2026-03-10T17:03:16","date_gmt":"2026-03-10T17:03:16","guid":{"rendered":"https:\/\/www.europesays.com\/de\/858093\/"},"modified":"2026-03-10T17:03:16","modified_gmt":"2026-03-10T17:03:16","slug":"unplugged-tour-2026-im-kulturpalast-ticketverkauf-startet","status":"publish","type":"post","link":"https:\/\/www.europesays.com\/de\/858093\/","title":{"rendered":"Unplugged-Tour 2026 im Kulturpalast \u2013 Ticketverkauf startet"},"content":{"rendered":"<p>Unplugged im Kulturpalast<\/p>\n<p>\u201eVolks-Rock\u2019n\u2019Roller\u201c Andreas Gabalier kommt f\u00fcr ein Konzert nach Dresden<\/p>\n<p><img decoding=\"async\" alt=\"Im Sommer 2025 spielte Andreas Gabalier vor Tausenden Zuschauern im Rudolf-Harbig-Stadion in Dresden. Im Herbst kehrt er nach Dresden zur\u00fcck, wird hier jedoch in wesentlich intimerer Atmosph\u00e4re spielen. &#10;\" fetchpriority=\"high\"  src=\"https:\/\/www.europesays.com\/de\/wp-content\/uploads\/2026\/03\/2DDGBQHEGBH5LK6NPOBTGMCYXA.jpg\" \/><\/p>\n<p class=\"Textstyled__Text-sc-1cqv9mi-0 dKgfuR ArticleHeadstyled__ArticleSubHeadline-sc-tdzyy5-11 fXdZot\">Der \u00f6sterreichische S\u00e4nger Andreas Gabalier spielt im Herbst in Dresden in besonders intimem Rahmen. Der Ticketvorverkauf startet schon bald. <\/p>\n<p class=\"Textstyled__Text-sc-1cqv9mi-0 dKgfuR\">Dresden. Zum zehnj\u00e4hrigen Jubil\u00e4um seines MTV-Unplugged-Projekts geht Andreas Gabalier im Herbst 2026 auf Tour. Mit \u201e10 Jahre Volks-Rock\u2019n\u2019Roller Unplugged\u201c macht der Musiker am 20. November auch Halt im Kulturpalast Dresden.<\/p>\n<p>Weiterlesen nach der Anzeige<\/p>\n<p>Weiterlesen nach der Anzeige<\/p>\n<p class=\"Textstyled__Text-sc-1cqv9mi-0 dKgfuR\">Anders als bei seinen sonstigen Auftritten vor Zehntausenden Fans in Arenen und Stadien setzt Gabalier bewusst auf eine intimere Atmosph\u00e4re: Die Jubil\u00e4umskonzerte finden in ausgew\u00e4hlten Konzerth\u00e4usern in Deutschland, \u00d6sterreich und der Schweiz statt. Das Publikum soll dabei besonders nah an den K\u00fcnstler und seine Musik herankommen.<\/p>\n<p>Gabalier, Band und Streicher<\/p>\n<p class=\"Textstyled__Text-sc-1cqv9mi-0 dKgfuR\">Im Mittelpunkt steht ein akustisches Live-Konzept mit handgemachter Musik. Neben Gabalier und seiner Band sorgt ein zehnk\u00f6pfiges Streicher-Ensemble f\u00fcr neue Arrangements und zus\u00e4tzliche Klangtiefe. So soll eine besondere Mischung aus Energie und Intimit\u00e4t entstehen \u2013 ein Konzerterlebnis, das den bekannten Volks-Rock\u2019n\u2019Roll in einer neuen, fein abgestimmten Form pr\u00e4sentiert.<\/p>\n<p>Weiterlesen nach der Anzeige<\/p>\n<p>Weiterlesen nach der Anzeige<\/p>\n<p class=\"Textstyled__Text-sc-1cqv9mi-0 dKgfuR\">F\u00fcr Gabalier selbst markiert das Jubil\u00e4um einen wichtigen Meilenstein: Das damalige Unplugged-Projekt sei ein \u201eRitterschlag\u201c seiner Laufbahn gewesen, sagt der S\u00e4nger. Zehn Jahre sp\u00e4ter wolle er dieses Kapitel gemeinsam mit den Fans noch einmal feiern \u2013 in einem famili\u00e4ren Rahmen auf kleinen, aber besonderen B\u00fchnen.<\/p>\n<p>Vorverkauf startet am 11. M\u00e4rz<\/p>\n<p class=\"Textstyled__Text-sc-1cqv9mi-0 dKgfuR\">Wer beim Konzert in Dresden dabei sein m\u00f6chte, sollte schnell sein: Der Ticketverkauf startet in mehreren Stufen.<\/p>\n<p class=\"Textstyled__Text-sc-1cqv9mi-0 dKgfuR\">Passend zum Vorverkaufsstart ver\u00f6ffentlicht Gabalier am 13. M\u00e4rz auch seinen Song \u201eVergiss Mein Nicht\u201c in einer neuen Unplugged-Version. <\/p>\n<p class=\"Editorialstyled__Editorial-sc-1bfvh9l-0 cSmjnJ\">SZ<\/p>\n","protected":false},"excerpt":{"rendered":"Unplugged im Kulturpalast \u201eVolks-Rock\u2019n\u2019Roller\u201c Andreas Gabalier kommt f\u00fcr ein Konzert nach Dresden Der \u00f6sterreichische S\u00e4nger Andreas Gabalier spielt&hellip;\n","protected":false},"author":2,"featured_media":858094,"comment_status":"","ping_status":"","sticky":false,"template":"","format":"standard","meta":{"footnotes":"","_share_on_mastodon":"0"},"categories":[1835],"tags":[3364,29,2386,30,859],"class_list":["post-858093","post","type-post","status-publish","format-standard","has-post-thumbnail","category-dresden","tag-de","tag-deutschland","tag-dresden","tag-germany","tag-sachsen"],"share_on_mastodon":{"url":"https:\/\/pubeurope.com\/@de\/116205964955742104","error":""},"_links":{"self":[{"href":"https:\/\/www.europesays.com\/de\/wp-json\/wp\/v2\/posts\/858093","targetHints":{"allow":["GET"]}}],"collection":[{"href":"https:\/\/www.europesays.com\/de\/wp-json\/wp\/v2\/posts"}],"about":[{"href":"https:\/\/www.europesays.com\/de\/wp-json\/wp\/v2\/types\/post"}],"author":[{"embeddable":true,"href":"https:\/\/www.europesays.com\/de\/wp-json\/wp\/v2\/users\/2"}],"replies":[{"embeddable":true,"href":"https:\/\/www.europesays.com\/de\/wp-json\/wp\/v2\/comments?post=858093"}],"version-history":[{"count":0,"href":"https:\/\/www.europesays.com\/de\/wp-json\/wp\/v2\/posts\/858093\/revisions"}],"wp:featuredmedia":[{"embeddable":true,"href":"https:\/\/www.europesays.com\/de\/wp-json\/wp\/v2\/media\/858094"}],"wp:attachment":[{"href":"https:\/\/www.europesays.com\/de\/wp-json\/wp\/v2\/media?parent=858093"}],"wp:term":[{"taxonomy":"category","embeddable":true,"href":"https:\/\/www.europesays.com\/de\/wp-json\/wp\/v2\/categories?post=858093"},{"taxonomy":"post_tag","embeddable":true,"href":"https:\/\/www.europesays.com\/de\/wp-json\/wp\/v2\/tags?post=858093"}],"curies":[{"name":"wp","href":"https:\/\/api.w.org\/{rel}","templated":true}]}}