{"id":858488,"date":"2026-03-10T20:42:23","date_gmt":"2026-03-10T20:42:23","guid":{"rendered":"https:\/\/www.europesays.com\/de\/858488\/"},"modified":"2026-03-10T20:42:23","modified_gmt":"2026-03-10T20:42:23","slug":"frauen-feiern-sich-und-ihre-staerken-in-suerenheide","status":"publish","type":"post","link":"https:\/\/www.europesays.com\/de\/858488\/","title":{"rendered":"Frauen feiern sich und ihre St\u00e4rken in S\u00fcrenheide"},"content":{"rendered":"<p>Starkes Zeichen f\u00fcr starke Frauen: In S\u00fcrenheide gab es eine besondere Aktion zum Weltfrauentag. Mit B\u00fcrgermeister.<\/p>\n<p>S\u00fcrenheide (gl) &#8211; Besondere Aktion zum Internationalen Frauentag: Die Expertinnen der Beratungsstelle f\u00fcr Zugewanderte aus Ost- und S\u00fcdosteuropa in S\u00fcrenheide hatten eingeladen. 40 Frauen aus dem Stadtteil nutzten die Gelegenheit und verbrachten laut einer Mitteilung einen inspirierenden, st\u00e4rkenden und wertsch\u00e4tzenden Vormittag.<\/p>\n<p class=\"contextmenu caption\">Ins Gespr\u00e4ch kommen, Erfahrungen teilen, Kontakte kn\u00fcpfen\u00a0<\/p>\n<p>Der Internationale Weltfrauentag erinnert j\u00e4hrlich daran, wie wichtig Gleichberechtigung, Teilhabe und die St\u00e4rkung der Rechte von Frauen weltweit sind. Gleichzeitig bietet der Tag die Gelegenheit, die Leistungen und das Engagement von Frauen in Gesellschaft, Familie und Beruf sichtbar zu machen und zu w\u00fcrdigen.\u00a0<\/p>\n<p>Das habe man getan, schreibt die Beratungsstelle unter dem Dach des Kreisverbands der Arbeiterwohlfahrt (Awo). In einer offenen und herzlichen Atmosph\u00e4re hatten die Teilnehmerinnen demzufolge die M\u00f6glichkeit, ins Gespr\u00e4ch zu kommen, Erfahrungen zu teilen und neue Kontakte zu kn\u00fcpfen. F\u00fcr viele Frauen aus dem Stadtteil sei der Vormittag auch eine Gelegenheit gewesen, einander besser kennenzulernen und das Gemeinschaftsgef\u00fchl zu st\u00e4rken.<\/p>\n<p class=\"contextmenu caption\">B\u00fcrgermeister nimmt als einziger m\u00e4nnlicher Gast teil<\/p>\n<p>Ein besonderes Zeichen der Unterst\u00fctzung setzte B\u00fcrgermeister Robin Rieksneuw\u00f6hner, hei\u00dft es weiter. Er nahm als einziger m\u00e4nnlicher Gast teil. Mit seiner Anwesenheit habe er die Bedeutung des Engagements von Frauen vor Ort unterstrichen und seine Wertsch\u00e4tzung f\u00fcr die wichtige Arbeit und die Themen gezeigt, die Frauen im Alltag bewegen, hei\u00dft es abschlie\u00dfend.<\/p>\n<p>Texte und Fotos von die-glocke.de sind urheberrechtlich gesch\u00fctzt.<br \/>\n            Weiterverwendung nur mit Genehmigung der Chefredaktion.<\/p>\n","protected":false},"excerpt":{"rendered":"Starkes Zeichen f\u00fcr starke Frauen: In S\u00fcrenheide gab es eine besondere Aktion zum Weltfrauentag. Mit B\u00fcrgermeister. S\u00fcrenheide (gl)&hellip;\n","protected":false},"author":2,"featured_media":858489,"comment_status":"","ping_status":"","sticky":false,"template":"","format":"standard","meta":{"footnotes":"","_share_on_mastodon":"0"},"categories":[1841],"tags":[25828,15947,17172,1605,3364,29,3236,30,2662,1209,134696,3724,9763,190437],"class_list":["post-858488","post","type-post","status-publish","format-standard","has-post-thumbnail","category-bielefeld","tag-arbeiterwohlfahrt","tag-awo","tag-beratungsstelle","tag-bielefeld","tag-de","tag-deutschland","tag-frauen","tag-germany","tag-internationaler-frauentag","tag-nordrhein-westfalen","tag-suerenheide","tag-verl","tag-weltfrauentag","tag-zugewanderte"],"share_on_mastodon":{"url":"https:\/\/pubeurope.com\/@de\/116206826009934407","error":""},"_links":{"self":[{"href":"https:\/\/www.europesays.com\/de\/wp-json\/wp\/v2\/posts\/858488","targetHints":{"allow":["GET"]}}],"collection":[{"href":"https:\/\/www.europesays.com\/de\/wp-json\/wp\/v2\/posts"}],"about":[{"href":"https:\/\/www.europesays.com\/de\/wp-json\/wp\/v2\/types\/post"}],"author":[{"embeddable":true,"href":"https:\/\/www.europesays.com\/de\/wp-json\/wp\/v2\/users\/2"}],"replies":[{"embeddable":true,"href":"https:\/\/www.europesays.com\/de\/wp-json\/wp\/v2\/comments?post=858488"}],"version-history":[{"count":0,"href":"https:\/\/www.europesays.com\/de\/wp-json\/wp\/v2\/posts\/858488\/revisions"}],"wp:featuredmedia":[{"embeddable":true,"href":"https:\/\/www.europesays.com\/de\/wp-json\/wp\/v2\/media\/858489"}],"wp:attachment":[{"href":"https:\/\/www.europesays.com\/de\/wp-json\/wp\/v2\/media?parent=858488"}],"wp:term":[{"taxonomy":"category","embeddable":true,"href":"https:\/\/www.europesays.com\/de\/wp-json\/wp\/v2\/categories?post=858488"},{"taxonomy":"post_tag","embeddable":true,"href":"https:\/\/www.europesays.com\/de\/wp-json\/wp\/v2\/tags?post=858488"}],"curies":[{"name":"wp","href":"https:\/\/api.w.org\/{rel}","templated":true}]}}