{"id":858730,"date":"2026-03-10T22:54:22","date_gmt":"2026-03-10T22:54:22","guid":{"rendered":"https:\/\/www.europesays.com\/de\/858730\/"},"modified":"2026-03-10T22:54:22","modified_gmt":"2026-03-10T22:54:22","slug":"antonia-aus-tirol-saengerin-feiert-schlagercomeback","status":"publish","type":"post","link":"https:\/\/www.europesays.com\/de\/858730\/","title":{"rendered":"Antonia aus Tirol: S\u00e4ngerin feiert Schlagercomeback"},"content":{"rendered":"<p>Ihr Vater war schwer krank <\/p>\n<p>Antonia aus Tirol feiert Schlager-Comeback<\/p>\n<p>10.03.2026 &#8211; 19:41 UhrLesedauer: 2 Min.<\/p>\n<p><a href=\"#focus-0\" class=\"transition-colors duration-200 block text-current relative\" data-sctrack=\"FocusGalleryImage.Reference\"><img fetchpriority=\"high\" data-testid=\"Opener.Image\" style=\"--lqipURL:url('https:\/\/images.t-online.de\/2026\/03\/ATBT9xJaInBD\/347x298:1714x965\/fit-in\/150x0\/filters:blur(25)\/antonia-aus-tirol-ihr-buergerlicher-name-ist-sandra-stumptner.jpg')\"   loading=\"eager\" src=\"https:\/\/www.europesays.com\/de\/wp-content\/uploads\/2026\/03\/antonia-aus-tirol-ihr-buergerlicher-name-ist-sandra-stumptner.jpg\" alt=\"Antonia aus Tirol: Ihr b\u00fcrgerlicher Name ist Sandra Stumptner.\" title=\"Antonia aus Tirol: Ihr b\u00fcrgerlicher Name ist Sandra Stumptner.\" width=\"1714\" height=\"965\" class=\"bg-[url:var(--lqipURL)] bg-cover bg-center flex h-full w-full max-w-full\" decoding=\"async\"\/><img style=\"--width:32;--height:32\" loading=\"lazy\" src=\"https:\/\/www.t-online.de\/s\/paper\/_next\/static\/media\/zoom-in.f7dae02f.svg\" alt=\"Vergr\u00f6\u00dfern des Bildes\" title=\"Vergr\u00f6\u00dfern des Bildes\" class=\"block h-[calc(var(--height)_\/_16_*_1rem)] w-[calc(var(--width)_\/_16_*_1rem)] max-w-none absolute bottom-8 right-8 rounded-4 bg-snow p-8\" decoding=\"async\"\/><\/a><\/p>\n<p>Antonia aus Tirol: Ihr b\u00fcrgerlicher Name ist Sandra Stumptner. (Quelle: IMAGO\/Agentur Wehnert\/M.Gr\u00e4nzd\u00f6rfer)<\/p>\n<p class=\"font-bold text-18 leading-17 user-text-lg:text-22 user-text-xl:text-24\">Ein Jahr lang hat sie sich von der Musik abgewandt. Nun erkl\u00e4rt die S\u00e4ngerin, was sie zu ihrer R\u00fcckkehr bewogen hat.<\/p>\n<p class=\"text-18 leading-17 user-text-lg:text-22 user-text-xl:text-24\">Rund ein Jahr lang war Antonia aus Tirol von der B\u00fchne verschwunden. Der Grund: Ihr Vater Rudolf erkrankte schwer an Lymphdr\u00fcsenkrebs, und das ausgerechnet zu einem Zeitpunkt, als er sich gerade von einer Herzoperation erholte. Die S\u00e4ngerin zog sich daraufhin in ihre Heimatstadt Linz zur\u00fcck, um ihn zu pflegen. Nun meldet sie sich zur\u00fcck. Und das nicht mit dem Rockmusik-Kurs, den sie zuvor eingeschlagen hatte, sondern wieder mit Schlager, wie sie RTL verriet.<\/p>\n<p class=\"text-18 leading-17 user-text-lg:text-22 user-text-xl:text-24\">Antonia aus Tirol, die sich auch Antonja nennt, beschrieb die Zeit der Auszeit so: &#8222;Ende 2024 ist mein Papa krank geworden und ich habe mich dann f\u00fcr die Familie entschieden. Ich wollte f\u00fcr ihn da sein und habe ihn rund um die Uhr gepflegt. Also habe ich jetzt ein Jahr Pause gemacht und war f\u00fcr ihn da.&#8220; Inzwischen habe ihr Vater wichtige Schritte zur Heilung gehen k\u00f6nnen, das Schlimmste scheine \u00fcberstanden.<\/p>\n<p class=\"text-18 leading-17 user-text-lg:text-22 user-text-xl:text-24\">F\u00fcr die R\u00fcckkehr hat die S\u00e4ngerin eine neue Version ihres Songs &#8222;1000 Tr\u00e4ume weit (Torner\u00f3)&#8220; aufgenommen, den sie bereits 2008 ver\u00f6ffentlicht hatte. &#8222;Der Song ist f\u00fcr mich immer noch sehr wichtig. Daher haben wir f\u00fcr das neue Album mehrere Songs aufgefrischt, die mir meinen Traum als Schlagers\u00e4ngerin erm\u00f6glicht haben&#8220;, sagte sie.<\/p>\n<p class=\"text-18 leading-17 user-text-lg:text-22 user-text-xl:text-24\">Das Thema Rockmusik r\u00fcckt damit vorerst in den Hintergrund. Sie erkl\u00e4rte, warum sie sich seinerzeit neu orientieren wollte: &#8222;Ich habe den Wunsch gehabt, meine kleine Leidenschaft, den Rock auszuleben. Nach 4000 Auftritten in 25 Jahren war es einfach an der Zeit, noch einmal einen anderen Weg zu gehen. Und ich habe auch einfach ein bisschen Pause gebraucht.&#8220;<\/p>\n<p class=\"text-18 leading-17 user-text-lg:text-22 user-text-xl:text-24\">Auch Auftritte auf <a class=\"transition-colors duration-200 cursor-pointer text-inherit no-underline text-salemsfur md:hover:text-magenta md:hover:border-magenta md:focus:text-magenta border-current border-b border-solid break-words\" data-tracking=\"{&quot;action&quot;:&quot;click&quot;,&quot;category&quot;:&quot;intextLink&quot;,&quot;label&quot;:&quot;\/themen\/mallorca\/&quot;}\" href=\"https:\/\/www.t-online.de\/themen\/mallorca\/\" data-sctrack=\"BodyAnchor\" rel=\"nofollow noopener\" target=\"_blank\">Mallorca<\/a>, wo die S\u00e4ngerin lebt, schlie\u00dfe sie nicht aus. Auf eine konkrete Zusage f\u00fcr den Bierk\u00f6nig, den Megapark oder das <a class=\"transition-colors duration-200 cursor-pointer text-inherit no-underline text-salemsfur md:hover:text-magenta md:hover:border-magenta md:focus:text-magenta border-current border-b border-solid break-words\" data-tracking=\"{&quot;action&quot;:&quot;click&quot;,&quot;category&quot;:&quot;intextLink&quot;,&quot;label&quot;:&quot;\/themen\/oberbayern\/&quot;}\" href=\"https:\/\/www.t-online.de\/themen\/oberbayern\/\" data-sctrack=\"BodyAnchor\" rel=\"nofollow noopener\" target=\"_blank\">Oberbayern<\/a> lie\u00df sie sich jedoch nicht festlegen. Derzeit stehen Auftritte in <a class=\"transition-colors duration-200 cursor-pointer text-inherit no-underline text-salemsfur md:hover:text-magenta md:hover:border-magenta md:focus:text-magenta border-current border-b border-solid break-words\" data-tracking=\"{&quot;action&quot;:&quot;click&quot;,&quot;category&quot;:&quot;intextLink&quot;,&quot;label&quot;:&quot;\/themen\/polen\/&quot;}\" href=\"https:\/\/www.t-online.de\/themen\/polen\/\" data-sctrack=\"BodyAnchor\" rel=\"nofollow noopener\" target=\"_blank\">Polen<\/a>, <a class=\"transition-colors duration-200 cursor-pointer text-inherit no-underline text-salemsfur md:hover:text-magenta md:hover:border-magenta md:focus:text-magenta border-current border-b border-solid break-words\" data-tracking=\"{&quot;action&quot;:&quot;click&quot;,&quot;category&quot;:&quot;intextLink&quot;,&quot;label&quot;:&quot;\/themen\/slowenien\/&quot;}\" href=\"https:\/\/www.t-online.de\/themen\/slowenien\/\" data-sctrack=\"BodyAnchor\" rel=\"nofollow noopener\" target=\"_blank\">Slowenien<\/a>, der Schweiz, <a class=\"transition-colors duration-200 cursor-pointer text-inherit no-underline text-salemsfur md:hover:text-magenta md:hover:border-magenta md:focus:text-magenta border-current border-b border-solid break-words\" data-tracking=\"{&quot;action&quot;:&quot;click&quot;,&quot;category&quot;:&quot;intextLink&quot;,&quot;label&quot;:&quot;\/themen\/oesterreich\/&quot;}\" href=\"https:\/\/www.t-online.de\/themen\/oesterreich\/\" data-sctrack=\"BodyAnchor\" rel=\"nofollow noopener\" target=\"_blank\">\u00d6sterreich<\/a> und Deutschland auf ihrem Programm.<\/p>\n","protected":false},"excerpt":{"rendered":"Ihr Vater war schwer krank Antonia aus Tirol feiert Schlager-Comeback 10.03.2026 &#8211; 19:41 UhrLesedauer: 2 Min. Antonia aus&hellip;\n","protected":false},"author":2,"featured_media":858731,"comment_status":"","ping_status":"","sticky":false,"template":"","format":"standard","meta":{"footnotes":"","_share_on_mastodon":"0"},"categories":[1776],"tags":[93813,1801,29,214,30,13336,1802,640,190461,970,215],"class_list":["post-858730","post","type-post","status-publish","format-standard","has-post-thumbnail","category-prominente","tag-antonia-aus-tirol","tag-celebrities","tag-deutschland","tag-entertainment","tag-germany","tag-linz","tag-prominente","tag-rtl","tag-sandra-stumptner","tag-schlager","tag-unterhaltung"],"share_on_mastodon":{"url":"https:\/\/pubeurope.com\/@de\/116207345328422497","error":""},"_links":{"self":[{"href":"https:\/\/www.europesays.com\/de\/wp-json\/wp\/v2\/posts\/858730","targetHints":{"allow":["GET"]}}],"collection":[{"href":"https:\/\/www.europesays.com\/de\/wp-json\/wp\/v2\/posts"}],"about":[{"href":"https:\/\/www.europesays.com\/de\/wp-json\/wp\/v2\/types\/post"}],"author":[{"embeddable":true,"href":"https:\/\/www.europesays.com\/de\/wp-json\/wp\/v2\/users\/2"}],"replies":[{"embeddable":true,"href":"https:\/\/www.europesays.com\/de\/wp-json\/wp\/v2\/comments?post=858730"}],"version-history":[{"count":0,"href":"https:\/\/www.europesays.com\/de\/wp-json\/wp\/v2\/posts\/858730\/revisions"}],"wp:featuredmedia":[{"embeddable":true,"href":"https:\/\/www.europesays.com\/de\/wp-json\/wp\/v2\/media\/858731"}],"wp:attachment":[{"href":"https:\/\/www.europesays.com\/de\/wp-json\/wp\/v2\/media?parent=858730"}],"wp:term":[{"taxonomy":"category","embeddable":true,"href":"https:\/\/www.europesays.com\/de\/wp-json\/wp\/v2\/categories?post=858730"},{"taxonomy":"post_tag","embeddable":true,"href":"https:\/\/www.europesays.com\/de\/wp-json\/wp\/v2\/tags?post=858730"}],"curies":[{"name":"wp","href":"https:\/\/api.w.org\/{rel}","templated":true}]}}