{"id":85882,"date":"2025-05-05T08:30:08","date_gmt":"2025-05-05T08:30:08","guid":{"rendered":"https:\/\/www.europesays.com\/de\/85882\/"},"modified":"2025-05-05T08:30:08","modified_gmt":"2025-05-05T08:30:08","slug":"trump-will-beruechtigtes-alcatraz-gefaengnis-wieder-oeffnen","status":"publish","type":"post","link":"https:\/\/www.europesays.com\/de\/85882\/","title":{"rendered":"Trump will ber\u00fcchtigtes Alcatraz-Gef\u00e4ngnis wieder \u00f6ffnen"},"content":{"rendered":"<p class=\"headline__lead\">Der US-Pr\u00e4sident will auf der Felseninsel wieder Schwerverbrecher wegsperren. Er k\u00fcndigte auf der Plattform Truth Social an, er weise die zust\u00e4ndigen Beh\u00f6rden an, ein \u00abvergr\u00f6ssertes und umgebautes Alcatraz wiederzuer\u00f6ffnen, um Amerikas skrupelloseste und gewaltt\u00e4tigste Straft\u00e4ter unterzubringen\u00bb. Alcatraz solle als Symbol f\u00fcr Recht und Ordnung dienen.<\/p>\n","protected":false},"excerpt":{"rendered":"Der US-Pr\u00e4sident will auf der Felseninsel wieder Schwerverbrecher wegsperren. Er k\u00fcndigte auf der Plattform Truth Social an, er&hellip;\n","protected":false},"author":2,"featured_media":85883,"comment_status":"","ping_status":"","sticky":false,"template":"","format":"standard","meta":{"footnotes":""},"categories":[3977],"tags":[331,332,106,3647,2690,1000,13,1584,14,15,12,3111,4017,4018,4016,64,4019,4020],"class_list":{"0":"post-85882","1":"post","2":"type-post","3":"status-publish","4":"format-standard","5":"has-post-thumbnail","7":"category-usa","8":"tag-aktuelle-nachrichten","9":"tag-aktuelle-news","10":"tag-donald-trump","11":"tag-gefaengnis","12":"tag-gericht","13":"tag-gewalt","14":"tag-headlines","15":"tag-kriminalitaet","16":"tag-nachrichten","17":"tag-news","18":"tag-schlagzeilen","19":"tag-truth-social","20":"tag-united-states","21":"tag-united-states-of-america","22":"tag-us","23":"tag-usa","24":"tag-vereinigte-staaten","25":"tag-vereinigte-staaten-von-amerika"},"share_on_mastodon":{"url":"","error":""},"_links":{"self":[{"href":"https:\/\/www.europesays.com\/de\/wp-json\/wp\/v2\/posts\/85882","targetHints":{"allow":["GET"]}}],"collection":[{"href":"https:\/\/www.europesays.com\/de\/wp-json\/wp\/v2\/posts"}],"about":[{"href":"https:\/\/www.europesays.com\/de\/wp-json\/wp\/v2\/types\/post"}],"author":[{"embeddable":true,"href":"https:\/\/www.europesays.com\/de\/wp-json\/wp\/v2\/users\/2"}],"replies":[{"embeddable":true,"href":"https:\/\/www.europesays.com\/de\/wp-json\/wp\/v2\/comments?post=85882"}],"version-history":[{"count":0,"href":"https:\/\/www.europesays.com\/de\/wp-json\/wp\/v2\/posts\/85882\/revisions"}],"wp:featuredmedia":[{"embeddable":true,"href":"https:\/\/www.europesays.com\/de\/wp-json\/wp\/v2\/media\/85883"}],"wp:attachment":[{"href":"https:\/\/www.europesays.com\/de\/wp-json\/wp\/v2\/media?parent=85882"}],"wp:term":[{"taxonomy":"category","embeddable":true,"href":"https:\/\/www.europesays.com\/de\/wp-json\/wp\/v2\/categories?post=85882"},{"taxonomy":"post_tag","embeddable":true,"href":"https:\/\/www.europesays.com\/de\/wp-json\/wp\/v2\/tags?post=85882"}],"curies":[{"name":"wp","href":"https:\/\/api.w.org\/{rel}","templated":true}]}}