{"id":858992,"date":"2026-03-11T01:20:16","date_gmt":"2026-03-11T01:20:16","guid":{"rendered":"https:\/\/www.europesays.com\/de\/858992\/"},"modified":"2026-03-11T01:20:16","modified_gmt":"2026-03-11T01:20:16","slug":"weltstars-in-stuttgart-rita-ora-singt-bei-der-weltpremiere-des-mercedes-benz-vle-wirtschaft-2","status":"publish","type":"post","link":"https:\/\/www.europesays.com\/de\/858992\/","title":{"rendered":"Weltstars in Stuttgart: Rita Ora singt bei der Weltpremiere des Mercedes-Benz VLE &#8211; Wirtschaft"},"content":{"rendered":"<p>\t\t\t\t\t\t\t\t\t\t\t\t\t\t\t\t\t\t\t\t\t\t\t\t\t\t\t\t\t\t\t\t\t\t\t\t   \t\t\t\t\t \t\t\t\t   \t      \t\t\t\t   <img decoding=\"async\" id=\"article-image\" fetchpriority=\"high\" alt=\"Weltstars in Stuttgart: Rita Ora singt bei der Weltpremiere des Mercedes-Benz VLE\" title=\"Weltstars in Stuttgart: Rita Ora singt bei der Weltpremiere des Mercedes-Benz VLE\" src=\"https:\/\/www.europesays.com\/de\/wp-content\/uploads\/2026\/03\/1773192015_84_media.media.84c5b215-5369-448d-b5fe-0fec5334c2fb.original700.jpg\" data-linkto=\"https:\/\/www.esslinger-zeitung.de\/javascript:void(0);\"\/>\t\t\t\t\t\t\t\t\t\t\t\t\t\t\t\t\t\t\t\t\t\t\t\tDie britische S\u00e4ngerin Rita Ora bei der Weltpremiere des neuen Mercedes VLE in den Wagenhallen in Stuttgart.\u00a0Foto: Veronika Kanzler\t\t\t<\/p>\n<p>Der Stuttgarter Automobilhersteller zeigt sein neuestes, elektrisches Van-Modell und holt dazu die britische S\u00e4ngerin in die Stuttgarter Wagenhallen.<\/p>\n<p>Bei <a href=\"https:\/\/www.esslinger-zeitung.de\/thema\/Mercedes-Benz\" title=\"Mercedes-Benz\" class=\"art_thema\" rel=\"nofollow noopener\" target=\"_blank\">Mercedes-Benz<\/a> hat am Dienstagabend in den Wagenhallen in <a href=\"https:\/\/www.esslinger-zeitung.de\/thema\/Stuttgart\" title=\"Stuttgart\" class=\"art_thema\" rel=\"nofollow noopener\" target=\"_blank\">Stuttgart<\/a> sein neurstes Fahrzeug vorgestellt. Dabei handelt es sich um den <a href=\"https:\/\/www.esslinger-zeitung.de\/inhalt.weltpremiere-mercedes-vle-mercedes-zeigt-neuen-luxusvan-und-spricht-von-beginn-einer-neuen-aera.306dbd38-80a0-4e3c-89c3-046f871a7a78.html\" target=\"_blank\" rel=\"nofollow noopener\">elektrischen VLE \u2013 einen Van<\/a>, der nach Worten von Mercedes-CEO Ola K\u00e4llenius gleich\u201eein neues Segment\u201c definieren soll. N\u00e4mlich als eine Kombination zwischen einem Van und einer Limousine. <\/p>\n<p>Die britische S\u00e4ngerin Rita Ora hat die Weltpremiere vor rund 350 geladenen G\u00e4sten mit ihrer Stimme begleitet. Zu ihrem Song \u201eTake me away\u201c ist der VLE auf die B\u00fchne gefahren. <\/p>\n<p>Roger Federer und Dieter Zetsche unter den G\u00e4sten bei der Premiere des Mercedes VLE <\/p>\n<p>Dabei auf der R\u00fcckbank: Tennislegende Roger Federer, der als Markenbotschafter h\u00e4ufig auf Veranstaltungen von Mercedes-Benz ist sowie der Leiter der Van-Sparte, Thomas Klein, die qua ihres Amts dar\u00fcber sprechen, welche Vorz\u00fcge der F\u00fcnf- bis Achtsitzer f\u00fcr Familien biete.<a href=\"https:\/\/www.esslinger-zeitung.de\/inhalt.weltpremiere-in-stuttgart-familien-van-shuttle-und-luxusliner-so-sieht-der-neue-mercedes-vle-aus.c3accfc1-9173-455c-9a4f-3642cf794260.html\" target=\"_blank\" rel=\"nofollow noopener\"> Das ist jedenfalls eine von drei Kundengruppen, die der VLE ansprechen soll<\/a> \u2013 neben Shuttle-Dienstleistern und Luxus-Liebhabern. Kurz danach stimmte die britische Pops\u00e4ngerin das Lied \u201eLet you love me\u201c an.<\/p>\n<p>  <img decoding=\"async\" loading=\"lazy\" src=\"https:\/\/www.europesays.com\/de\/wp-content\/uploads\/2026\/03\/1773192016_919_media.media.a3c1b869-01d7-4200-9375-96f336735f5b.original1024.media.jpeg\"\/>     Thomas Klein, Leiter der Van-Sparte bei Mercedes-Benz und die Schweizer Tennislegende Roger Federer mit der Moderatorin Tuesday Le Roux.    Foto: Veronika Kanzler    <\/p>\n<p>Ein kurzes Hupkonzert gab es nach der Pr\u00e4sentation auch noch \u2013 aber eher unfreiwillig von einem der ausgestellten Fahrzeuge, w\u00e4hrend sich die G\u00e4ste das neue Auto anschauten und wohl an einen falschen Knopf geraten sind. <\/p>\n<p>Es ist bereits die zweite Premiere eines Autos innerhalb weniger Wochen in Stuttgart. Am 29. Januar pr\u00e4sentierte der Automobilhersteller, passend zur Geburtsstunde des Automobils, im Mercedes-Benz-Museum die neue S-Klasse. Auch damals holte sich Mercedes <a href=\"https:\/\/www.esslinger-zeitung.de\/inhalt.premiere-der-neuen-s-klasse-sam-smith-singt-zur-weltpremiere-bei-mercedes-in-stuttgart.84ec95a2-2e5c-4307-a6fc-84f5265f89e1.html\" target=\"_blank\" rel=\"nofollow noopener\">prominente Unterst\u00fctzung mit Sam Smith<\/a>.<\/p>\n","protected":false},"excerpt":{"rendered":"Die britische S\u00e4ngerin Rita Ora bei der Weltpremiere des neuen Mercedes VLE in den Wagenhallen in Stuttgart.\u00a0Foto: Veronika&hellip;\n","protected":false},"author":2,"featured_media":858410,"comment_status":"","ping_status":"","sticky":false,"template":"","format":"standard","meta":{"footnotes":"","_share_on_mastodon":"0"},"categories":[1830],"tags":[4694,1634,3364,29,30,377,170965,1907,1441],"class_list":["post-858992","post","type-post","status-publish","format-standard","has-post-thumbnail","category-stuttgart","tag-automobile","tag-baden-wuerttemberg","tag-de","tag-deutschland","tag-germany","tag-mercedes-benz","tag-reg_wall_auto","tag-rita-ora","tag-stuttgart"],"share_on_mastodon":{"url":"https:\/\/pubeurope.com\/@de\/116207919381004847","error":""},"_links":{"self":[{"href":"https:\/\/www.europesays.com\/de\/wp-json\/wp\/v2\/posts\/858992","targetHints":{"allow":["GET"]}}],"collection":[{"href":"https:\/\/www.europesays.com\/de\/wp-json\/wp\/v2\/posts"}],"about":[{"href":"https:\/\/www.europesays.com\/de\/wp-json\/wp\/v2\/types\/post"}],"author":[{"embeddable":true,"href":"https:\/\/www.europesays.com\/de\/wp-json\/wp\/v2\/users\/2"}],"replies":[{"embeddable":true,"href":"https:\/\/www.europesays.com\/de\/wp-json\/wp\/v2\/comments?post=858992"}],"version-history":[{"count":0,"href":"https:\/\/www.europesays.com\/de\/wp-json\/wp\/v2\/posts\/858992\/revisions"}],"wp:featuredmedia":[{"embeddable":true,"href":"https:\/\/www.europesays.com\/de\/wp-json\/wp\/v2\/media\/858410"}],"wp:attachment":[{"href":"https:\/\/www.europesays.com\/de\/wp-json\/wp\/v2\/media?parent=858992"}],"wp:term":[{"taxonomy":"category","embeddable":true,"href":"https:\/\/www.europesays.com\/de\/wp-json\/wp\/v2\/categories?post=858992"},{"taxonomy":"post_tag","embeddable":true,"href":"https:\/\/www.europesays.com\/de\/wp-json\/wp\/v2\/tags?post=858992"}],"curies":[{"name":"wp","href":"https:\/\/api.w.org\/{rel}","templated":true}]}}