{"id":859089,"date":"2026-03-11T02:13:19","date_gmt":"2026-03-11T02:13:19","guid":{"rendered":"https:\/\/www.europesays.com\/de\/859089\/"},"modified":"2026-03-11T02:13:19","modified_gmt":"2026-03-11T02:13:19","slug":"lio-rueegg-hat-in-frankreich-wichtige-erfahrungen-gesammelt-aber-medaille-knapp-verpasst","status":"publish","type":"post","link":"https:\/\/www.europesays.com\/de\/859089\/","title":{"rendered":"Lio R\u00fcegg hat in Frankreich wichtige Erfahrungen gesammelt, aber Medaille knapp verpasst"},"content":{"rendered":"<p>Der Eichberger klassierte sich nach vier intensiven K\u00e4mpfen auf dem f\u00fcnften Rang.<\/p>\n<p>Der 15-j\u00e4hrige Ringer des RC Oberriet-Grabs reiste bereits am Freitagmorgen nach Frankreich und konnte am Abend vor dem Wettkampf auf die Waage stehen. Am Samstag zeigte R\u00fcegg im Achtelfinal gleich seine Klasse, er bezwang Kerim Ibichev mit 12:2. Auch im Viertelfinal liess der Rheintaler nichts anbrennen, gegen einen Belgier setzte er sich erneut deutlich mit 12:2 durch und zog damit verdient in die Halbfinals ein. Dort musste sich Lio R\u00fcegg dem Franzosen Rakhman Elberdov mit 2:8 geschlagen geben. Im anschliessenden Bronzekampf traf er ein weiteres Mal auf einen Einheimischen: Gegen Bilal Irshahov unterlag R\u00fcegg 0:5. In der Endabrechnung resultierte der f\u00fcnfte Rang.<\/p>\n<p>Lio R\u00fcegg zog trotz verpasster Medaille ein positives Fazit. Er h\u00e4tte sich zwar mehr \u00fcber eine Medaille gefreut, war aber dennoch zufrieden:<\/p>\n<blockquote><p>Mit diesen zwei Siegen und zwei Niederlagen konnte ich wichtige Erfahrungen sammeln.<\/p><\/blockquote>\n","protected":false},"excerpt":{"rendered":"Der Eichberger klassierte sich nach vier intensiven K\u00e4mpfen auf dem f\u00fcnften Rang. Der 15-j\u00e4hrige Ringer des RC Oberriet-Grabs&hellip;\n","protected":false},"author":2,"featured_media":859090,"comment_status":"","ping_status":"","sticky":false,"template":"","format":"standard","meta":{"footnotes":"","_share_on_mastodon":"0"},"categories":[3974],"tags":[331,332,548,663,3934,3980,156,13,14,15,54805,12],"class_list":["post-859089","post","type-post","status-publish","format-standard","has-post-thumbnail","category-frankreich","tag-aktuelle-nachrichten","tag-aktuelle-news","tag-eu","tag-europa","tag-europe","tag-france","tag-frankreich","tag-headlines","tag-nachrichten","tag-news","tag-ringen","tag-schlagzeilen"],"share_on_mastodon":{"url":"https:\/\/pubeurope.com\/@de\/116208127372843340","error":""},"_links":{"self":[{"href":"https:\/\/www.europesays.com\/de\/wp-json\/wp\/v2\/posts\/859089","targetHints":{"allow":["GET"]}}],"collection":[{"href":"https:\/\/www.europesays.com\/de\/wp-json\/wp\/v2\/posts"}],"about":[{"href":"https:\/\/www.europesays.com\/de\/wp-json\/wp\/v2\/types\/post"}],"author":[{"embeddable":true,"href":"https:\/\/www.europesays.com\/de\/wp-json\/wp\/v2\/users\/2"}],"replies":[{"embeddable":true,"href":"https:\/\/www.europesays.com\/de\/wp-json\/wp\/v2\/comments?post=859089"}],"version-history":[{"count":0,"href":"https:\/\/www.europesays.com\/de\/wp-json\/wp\/v2\/posts\/859089\/revisions"}],"wp:featuredmedia":[{"embeddable":true,"href":"https:\/\/www.europesays.com\/de\/wp-json\/wp\/v2\/media\/859090"}],"wp:attachment":[{"href":"https:\/\/www.europesays.com\/de\/wp-json\/wp\/v2\/media?parent=859089"}],"wp:term":[{"taxonomy":"category","embeddable":true,"href":"https:\/\/www.europesays.com\/de\/wp-json\/wp\/v2\/categories?post=859089"},{"taxonomy":"post_tag","embeddable":true,"href":"https:\/\/www.europesays.com\/de\/wp-json\/wp\/v2\/tags?post=859089"}],"curies":[{"name":"wp","href":"https:\/\/api.w.org\/{rel}","templated":true}]}}