{"id":859191,"date":"2026-03-11T03:09:14","date_gmt":"2026-03-11T03:09:14","guid":{"rendered":"https:\/\/www.europesays.com\/de\/859191\/"},"modified":"2026-03-11T03:09:14","modified_gmt":"2026-03-11T03:09:14","slug":"erstes-update-so-geht-es-davies-musiala-und-urbig","status":"publish","type":"post","link":"https:\/\/www.europesays.com\/de\/859191\/","title":{"rendered":"Erstes Update\u00a0\u2013 so geht es Davies, Musiala und Urbig"},"content":{"rendered":"<p class=\"text-18 leading-17 user-text-lg:text-22 user-text-xl:text-24\">Es sei aber &#8222;nichts Schlimmes, nichts Dramatisches&#8220;. Bei Davies und Urbig m\u00fcsse man abwarten. Trainer Vincent Kompany berichtete am Prime-Mikrofon \u00fcber Davies: &#8222;Es wird nicht so schlimm sein, es werden ein paar Spiele ohne ihn, aber das werden wir schaffen.&#8220; Es sei schade. Der Belgier bekundete aber Vertrauen in seinen Kader. Laut Kimmich habe Torh\u00fcter Urbig eine Gehirnersch\u00fctterung erlitten. Wie Sport1 erfahren haben will, musste der 22-J\u00e4hrige mit Sehst\u00f6rungen in ein Krankenhaus eingeliefert werden.<\/p>\n<p class=\"text-18 leading-17 user-text-lg:text-22 user-text-xl:text-24\">Die Bayern sind vor der L\u00e4nderspielpause Ende M\u00e4rz in der Liga noch bei <a class=\"transition-colors duration-200 cursor-pointer text-inherit no-underline text-salemsfur md:hover:text-magenta md:hover:border-magenta md:focus:text-magenta border-current border-b border-solid break-words\" data-tracking=\"{&quot;action&quot;:&quot;click&quot;,&quot;category&quot;:&quot;intextLink&quot;,&quot;label&quot;:&quot;\/themen\/bayer-04-leverkusen\/&quot;}\" href=\"https:\/\/www.t-online.de\/themen\/bayer-04-leverkusen\/\" data-sctrack=\"BodyAnchor\" rel=\"nofollow noopener\" target=\"_blank\">Bayer Leverkusen<\/a> und gegen <a class=\"transition-colors duration-200 cursor-pointer text-inherit no-underline text-salemsfur md:hover:text-magenta md:hover:border-magenta md:focus:text-magenta border-current border-b border-solid break-words\" data-tracking=\"{&quot;action&quot;:&quot;click&quot;,&quot;category&quot;:&quot;intextLink&quot;,&quot;label&quot;:&quot;\/themen\/1-fc-union-berlin\/&quot;}\" href=\"https:\/\/www.t-online.de\/themen\/1-fc-union-berlin\/\" data-sctrack=\"BodyAnchor\" rel=\"nofollow noopener\" target=\"_blank\">Union Berlin<\/a> gefordert, am Mittwoch kommender Woche findet das R\u00fcckspiel gegen Bergamo statt.<\/p>\n","protected":false},"excerpt":{"rendered":"Es sei aber &#8222;nichts Schlimmes, nichts Dramatisches&#8220;. Bei Davies und Urbig m\u00fcsse man abwarten. Trainer Vincent Kompany berichtete&hellip;\n","protected":false},"author":2,"featured_media":859192,"comment_status":"","ping_status":"","sticky":false,"template":"","format":"standard","meta":{"footnotes":"","_share_on_mastodon":"0"},"categories":[5],"tags":[1534,6198,70569,15056,468,458,13,11199,35855,14,15,12,10,8,9,11,6319,1086],"class_list":["post-859191","post","type-post","status-publish","format-standard","has-post-thumbnail","category-nachrichten","tag-alphonso-davies","tag-amazon-prime","tag-atalanta-bergamo-calcio","tag-bergamo","tag-champions-league","tag-fc-bayern-muenchen","tag-headlines","tag-jonas-urbig","tag-joshua-kimmich","tag-nachrichten","tag-news","tag-schlagzeilen","tag-top-news","tag-top-meldungen","tag-topmeldungen","tag-topnews","tag-verletzung","tag-vincent-kompany"],"share_on_mastodon":{"url":"https:\/\/pubeurope.com\/@de\/116208347729162042","error":""},"_links":{"self":[{"href":"https:\/\/www.europesays.com\/de\/wp-json\/wp\/v2\/posts\/859191","targetHints":{"allow":["GET"]}}],"collection":[{"href":"https:\/\/www.europesays.com\/de\/wp-json\/wp\/v2\/posts"}],"about":[{"href":"https:\/\/www.europesays.com\/de\/wp-json\/wp\/v2\/types\/post"}],"author":[{"embeddable":true,"href":"https:\/\/www.europesays.com\/de\/wp-json\/wp\/v2\/users\/2"}],"replies":[{"embeddable":true,"href":"https:\/\/www.europesays.com\/de\/wp-json\/wp\/v2\/comments?post=859191"}],"version-history":[{"count":0,"href":"https:\/\/www.europesays.com\/de\/wp-json\/wp\/v2\/posts\/859191\/revisions"}],"wp:featuredmedia":[{"embeddable":true,"href":"https:\/\/www.europesays.com\/de\/wp-json\/wp\/v2\/media\/859192"}],"wp:attachment":[{"href":"https:\/\/www.europesays.com\/de\/wp-json\/wp\/v2\/media?parent=859191"}],"wp:term":[{"taxonomy":"category","embeddable":true,"href":"https:\/\/www.europesays.com\/de\/wp-json\/wp\/v2\/categories?post=859191"},{"taxonomy":"post_tag","embeddable":true,"href":"https:\/\/www.europesays.com\/de\/wp-json\/wp\/v2\/tags?post=859191"}],"curies":[{"name":"wp","href":"https:\/\/api.w.org\/{rel}","templated":true}]}}